{"id":7390,"date":"2025-03-27T15:42:40","date_gmt":"2025-03-27T12:42:40","guid":{"rendered":"https:\/\/jauniezinatnieki.lv\/?p=7390"},"modified":"2025-10-19T23:04:37","modified_gmt":"2025-10-19T20:04:37","slug":"atskats-uz-ljza-valdes-2022-2025-veikumu-un-iniciativam","status":"publish","type":"post","link":"https:\/\/jauniezinatnieki.lv\/en\/atskats-uz-ljza-valdes-2022-2025-veikumu-un-iniciativam\/","title":{"rendered":"Atskats uz LJZA valdes (2022 \u2013 2025) veikumu un iniciat\u012bv\u0101m"},"content":{"rendered":"<p>Latvijas Jauno zin\u0101tnieku apvien\u012bbas (LJZA) iepriek\u0161\u0113j\u0101s valdes darb\u012bbas laik\u0101 (2022 \u2013 2025) organiz\u0101cija \u012bstenoja vair\u0101kas noz\u012bm\u012bgas aktivit\u0101tes. LJZA sirsn\u012bgi pateicas biju\u0161ajiem valdes locek\u013ciem, <strong>Antrai Bo\u010dai, Mat\u012bsam Reinfeldam, Lienei Spru\u017eeniecei un Tatjanai Pladerei, k\u0101 ar\u012b Raimondai Solohai un Oskaram Teikmanim<\/strong>, kuri turpina darbu LJZA vald\u0113. P\u0101rskat\u0101 apkopotas b\u016btisk\u0101k\u0101s iniciat\u012bvas un paveiktais tr\u012bs gadu period\u0101.<\/p>\n<h2><b>Zin\u0101tnes politika un jauno zin\u0101tnieku intere\u0161u aizst\u0101v\u012bba<\/b><\/h2>\n<p><span style=\"font-weight: 400;\">LJZA akt\u012bvi iesaist\u012bj\u0101s zin\u0101tnes politikas veido\u0161an\u0101, lai uzlabotu akad\u0113misko un p\u0113tniecisko vidi jauno zin\u0101tnieku izaugsmei. Apvien\u012bbas p\u0101rst\u0101vji piedal\u012bj\u0101s LR Saeimas komisiju un apak\u0161komisiju s\u0113d\u0113s, sniedzot priek\u0161likumus groz\u012bjumiem Augstskolu likum\u0101 un Zin\u0101tnisk\u0101s darb\u012bbas likum\u0101\u200b. LJZA p\u0101rst\u0101v\u0113ja Latvijas jauno zin\u0101tnieku intereses starptautiskos projektos un semin\u0101ros. 2024. gad\u0101 apvien\u012bbas p\u0101rst\u0101vji piedal\u012bj\u0101s <\/span><strong>OECD <\/strong>un <strong>IZM<\/strong> <span style=\"font-weight: 400;\">projekta \u201cAtbalsts jauna akad\u0113misk\u0101s karjeras ietvara institucion\u0101lai ievie\u0161anai Latvij\u0101\u201d un<\/span><b> OECD <\/b><span style=\"font-weight: 400;\">un<\/span><b> Valsts kancelejas <\/b><span style=\"font-weight: 400;\">projekta \u201cZin\u0101\u0161an\u0101s balst\u012btas r\u012bc\u012bbpolitikas kapacit\u0101tes cel\u0161ana p\u0101rvald\u012bb\u0101 un publiskaj\u0101 p\u0101rvald\u0113 postpand\u0113mijas Eirop\u0101\u201d darba grupu san\u0101ksm\u0113s un semin\u0101ros. Oskars Teikmanis apmekl\u0113ja <\/span><b>Eiropas Komisijas<\/b><span style=\"font-weight: 400;\"> organiz\u0113tu politikas semin\u0101ru Brisel\u0113, velt\u012btu zin\u0101\u0161an\u0101m balst\u012btas r\u012bc\u012bbpolitikas veido\u0161anai.<\/span><\/p>\n<p><span style=\"font-weight: 400;\">T\u0101pat LJZA koment\u0113ja un pal\u012bdz\u0113ja pilnveidot Ministru kabineta noteikumus, par p\u0113cdoktorant\u016bras grantiem, kas ir noz\u012bm\u012bgs elements ilgtsp\u0113j\u012bga akad\u0113misk\u0101s karjeras mode\u013ca veido\u0161an\u0101. B\u016btisks sasniegums bija <\/span><b>Antras Bo\u010das<\/b><span style=\"font-weight: 400;\"> virz\u012bt\u0101s izmai\u0146as p\u0113cdoktorant\u016bras p\u0113tniec\u012bbas programmas noteikumos, iesniedzot pier\u0101d\u012bjumus par diskrimin\u0113jo\u0161iem nosac\u012bjumiem un <\/span><a href=\"https:\/\/www.tiesibsargs.lv\/resource\/atzinums-parbaudes-lieta-nr-2022-55-26d-par-diskriminacijas-aizlieguma-parkapumu-dzimuma-del-eiropas-savienibas-strukturfondu-izlietojuma\/\"><span style=\"font-weight: 400;\">2023. gad\u0101 sa\u0146emot LR Ties\u012bbsarga atzinumu.<\/span><\/a><span style=\"font-weight: 400;\"> Atzinum\u0101 valsts instit\u016bcijas tika aicin\u0101tas nodro\u0161in\u0101t, ka noteikumos tiek \u0146emta v\u0113r\u0101 zin\u0101tnieku do\u0161an\u0101s b\u0113rna kop\u0161anas atva\u013cin\u0101jum\u0101, kura laik\u0101 nepiecie\u0161ams paredz\u0113t projekta termi\u0146a pagarin\u0101\u0161anu un soci\u0101l\u0101s garantijas. <\/span><b>Antra Bo\u010da <\/b><span style=\"font-weight: 400;\">p\u0101rst\u0101v\u0113ja LJZA starptautiska Eiropas Komisijas zi\u0146ojuma \u201c<\/span><a href=\"https:\/\/data.europa.eu\/doi\/10.2777\/9106236\"><span style=\"font-weight: 400;\">Align, act, accelerate \u2013 Research, technology and innovation to boost European competitiveness<\/span><\/a><span style=\"font-weight: 400;\">\u201d izstr\u0101d\u0113.<\/span><\/p>\n<p><span style=\"font-weight: 400;\">LJZA valde inic\u0113ja un <\/span><a href=\"https:\/\/jauniezinatnieki.lv\/en\/resursi\/doktoranturas-celvedis\/\"><span style=\"font-weight: 400;\">izstr\u0101d\u0101ja <\/span><b>\u201cDoktorant\u016bras ce\u013cvedi\u201d<\/b><\/a><span style=\"font-weight: 400;\">. Tas ir praktisks instruments eso\u0161ajiem un topo\u0161ajiem doktorantiem. Dokuments sniedz padomus, k\u0101 veiksm\u012bgi uzs\u0101kt doktorant\u016bru, piesaist\u012bt finans\u0113jumu un k\u0101 sabalans\u0113t studijas doktorant\u016br\u0101 ar citiem pien\u0101kumiem.\u00a0<\/span><\/p>\n<h2><b>Organiz\u0101cijas att\u012bst\u012bba<\/b><\/h2>\n<p>2023. gad\u0101 tika p\u0101rskat\u012bti un pilnveidoti <b style=\"font-size: 16px;\">biedr\u012bbas stat\u016bti<\/b><span style=\"font-weight: 400;\">, lai tie atbilstu organiz\u0101cijas augo\u0161aj\u0101m vajadz\u012bb\u0101m un preciz\u0113tu valdes darb\u012bbas principus. Savuk\u0101rt 2024. gada biedru kopsapulc\u0113 apvien\u012bbas biedri pie\u0146\u0113ma <\/span><a style=\"font-size: 16px;\" href=\"https:\/\/jauniezinatnieki.lv\/wp-content\/uploads\/2024\/03\/LJZA_Etikas_kodekss_08032024.pdf\"><b>LJZA \u0112tikas kodeksu<\/b><\/a> <span style=\"font-weight: 400;\">un<\/span><b style=\"font-size: 16px;\"> Iek\u0161\u0113j\u0101s k\u0101rt\u012bbas noteikumus<\/b><span style=\"font-weight: 400;\">\u200b. \u0160o dokumentu izstr\u0101d\u0113 noz\u012bm\u012bgu ieguld\u012bjumu sniedza valdes loceklis <\/span><b style=\"font-size: 16px;\">Mat\u012bss Reinfelds<\/b><span style=\"font-weight: 400;\">, vadot darba grupu, kas str\u0101d\u0101ja pie dokumentu izveides.<\/span><\/p>\n<p><span style=\"font-weight: 400;\">Paral\u0113li tika str\u0101d\u0101ts ar\u012b pie ilgtermi\u0146a organiz\u0101cijas att\u012bst\u012bbas pl\u0101no\u0161anas. LJZA valde, sadarb\u012bb\u0101 ar akt\u012bvajiem biedriem, izveidoja <\/span><a href=\"https:\/\/jauniezinatnieki.lv\/wp-content\/uploads\/2024\/08\/Latvijas-Jauno-zinatnieku-apvieniba_strategija_2025-2027.pdf\"><b>LJZA strat\u0113\u0123iju 2025. \u2013 2027. gadam<\/b><span style=\"font-weight: 400;\">, <\/span><\/a><span style=\"font-weight: 400;\">nosakot organiz\u0101cijas m\u0113r\u0137us un darb\u012bbas principus. \u0160\u0101ds dokuments ir ikvienas organiz\u0101cijas veiksm\u012bgas darb\u012bbas priek\u0161noteiktums. Komunik\u0101cijai ar LJZA biedriem tika veidota ikm\u0113ne\u0161a zi\u0146u lapa, lai inform\u0113tu biedrus par LJZA aktualit\u0101t\u0113m. Valde veica organiz\u0101cijas lietved\u012bbas uztur\u0113\u0161anu, k\u0101 ar\u012b moderniz\u0113ja <\/span><b>LJZA interneta vietni<\/b><span style=\"font-weight: 400;\">. Noz\u012bm\u012bgu ieguld\u012bjumu iek\u0161\u0113jo procesu sak\u0101rto\u0161an\u0101 nodro\u0161in\u0101ja <\/span><b>Oskars Teikmanis<\/b><span style=\"font-weight: 400;\"> un <\/span><b>Raimonda Soloha<\/b><span style=\"font-weight: 400;\">.<\/span><\/p>\n<p><span style=\"font-weight: 400;\">Iepriek\u0161\u0113j\u0101s valdes laik\u0101 LJZA divas reizes veiksm\u012bgi start\u0113ja <\/span><b>Sabiedr\u012bbas integr\u0101cijas fonda \u201cNVO fonda programm\u0101\u201d<\/b><span style=\"font-weight: 400;\">. <\/span><a href=\"https:\/\/jauniezinatnieki.lv\/en\/latvijas-jauno-zinatnieku-apvieniba-iegust-nvo-fonda-finansejumu\/\"><span style=\"font-weight: 400;\">Pirmais pieteikums \u201cmikroprojektu konkurs\u0101\u201d<\/span><\/a><span style=\"font-weight: 400;\"> tika apstiprin\u0101ts 2022. gad\u0101, nodro\u0161inot finans\u0113jumu t\u0101d\u0101m iniciat\u012bv\u0101m k\u0101 \u201cRakst\u012b\u0161anas retr\u012bts 2023\u201d, \u201cSkolu projekts\u201d, \u201cDoktorant\u016bras ce\u013cvedis\u201d un LJZA interneta vietnes atjauno\u0161ana. Savuk\u0101rt 2024. gad\u0101 apvien\u012bba iesniedza pieteikumu <\/span><a href=\"https:\/\/jauniezinatnieki.lv\/en\/ljza-iegust-finansejumu-nvo-fonda-projektu-konkursa\/\"><span style=\"font-weight: 400;\">\u201cmakroprojektu\u201d finans\u0113juma programm\u0101<\/span><\/a><span style=\"font-weight: 400;\">, kuru izstr\u0101d\u0101ja LJZA valde sadarb\u012bb\u0101 ar akt\u012bviem LJZA biedriem. Projekts tiek \u012bstenots 2025. \u2013 2026. gad\u0101 un nodro\u0161ina LJZA iesp\u0113ju piesaist\u012bt izpilddirektori un komunik\u0101cijas speci\u0101listi, k\u0101 ar\u012b \u012bstenot vair\u0101kus pas\u0101kumus jauno zin\u0101tnieku kopienai, \u012bstenot akt\u012bvu intere\u0161u aizst\u0101v\u012bbu un veikt citas noz\u012bm\u012bgas aktivit\u0101tes organiz\u0101cijas att\u012bst\u012bbai.<\/span><\/p>\n<p>2024. gad\u0101 LJZA valdes priek\u0161s\u0113d\u0113t\u0101jas <b>Antras Bo\u010das<\/b> vad\u012bb\u0101 organiz\u0101cija veiksm\u012bgi piedal\u012bj\u0101s starptautiska projekta pieteikuma izstr\u0101d\u0113. Projekta <b>ECROS <\/b>(&#8220;Empowering Early Career Researchers with new Opportunities and Skills&#8221;) m\u0113r\u0137is ir uzlabot agr\u012bn\u0101s karjeras p\u0113tnieku (R1 un R2) profesion\u0101lo pilnveidi, radot vienotu un ilgtsp\u0113j\u012bgu ekosist\u0113mu, kas sniedz iesp\u0113jas gan akad\u0113miskaj\u0101 vid\u0113, gan industrij\u0101. Projekt\u0101 piedal\u0101s partneri no <b>Latvijas, Rum\u0101nijas, Sp\u0101nijas, V\u0101cijas, Francijas, Kipras, It\u0101lijas, \u012arijas un Bulg\u0101rijas<\/b>, tostarp devi\u0146as universit\u0101tes, divas organiz\u0101cijas un divi industrijas p\u0101rst\u0101vji. <b>Latvijas Jauno zin\u0101tnieku apvien\u012bba (LJZA)<\/b> \u0161aj\u0101 projekt\u0101 p\u0101rst\u0101v agr\u012bn\u0101s karjeras p\u0113tnieku intereses. Projekta \u012bsteno\u0161ana tiks uzs\u0101kta 2025. gada vid\u016b.<\/p>\n<h2><b>Jauno zin\u0101tnieku kopienas veido\u0161ana<\/b><\/h2>\n<p><a href=\"https:\/\/jauniezinatnieki.lv\/en\/aizvadita-ljza-vasaras-skola-jaunajiem-zinatniekiem\/\"><b>Vasaras skola.<\/b><\/a><span style=\"font-weight: 400;\"> P\u0113c pand\u0113mijas LJZA ats\u0101ka un <\/span><b>Lienes Spru\u017eenieces <\/b><span style=\"font-weight: 400;\">vad\u012bb\u0101 nostiprin\u0101ja ikgad\u0113j\u0101s vasaras skolas trad\u012bciju, kas velt\u012bta jauno zin\u0101tnieku izaugsmei. Piem\u0113ram, p\u0113d\u0113j\u0101s div\u0101s vasaras skol\u0101s 2023. gad\u0101 C\u0113s\u012bs un 2024. gad\u0101 J\u016brmal\u0101 piedal\u012bj\u0101s vair\u0101k nek\u0101 50 da\u017e\u0101du nozaru doktoranti, jaunie p\u0113tnieki un studenti\u200b. Vasaras skola sniedz unik\u0101lu iesp\u0113ju jaunajiem zin\u0101tniekiem m\u0101c\u012bties no pieredz\u0113ju\u0161iem lektoriem un savstarp\u0113ji t\u012bkloties, t\u0101d\u0113j\u0101di sp\u0113cinot jauno zin\u0101tnieku kopienu Latvij\u0101. LJZA par b\u016btisku uzskata ar\u012b sadarb\u012bbu ar jaunajiem zin\u0101tniekiem diaspor\u0101.<\/span><\/p>\n<p><img fetchpriority=\"high\" decoding=\"async\" class=\"alignnone wp-image-7391\" src=\"https:\/\/jauniezinatnieki.lv\/wp-content\/uploads\/2025\/03\/29072023_LJZA_OTeikmanis1-1-360x270.jpg\" alt=\"\" width=\"613\" height=\"460\" srcset=\"https:\/\/jauniezinatnieki.lv\/wp-content\/uploads\/2025\/03\/29072023_LJZA_OTeikmanis1-1-360x270.jpg 360w, https:\/\/jauniezinatnieki.lv\/wp-content\/uploads\/2025\/03\/29072023_LJZA_OTeikmanis1-1-1024x768.jpg 1024w, https:\/\/jauniezinatnieki.lv\/wp-content\/uploads\/2025\/03\/29072023_LJZA_OTeikmanis1-1-768x576.jpg 768w, https:\/\/jauniezinatnieki.lv\/wp-content\/uploads\/2025\/03\/29072023_LJZA_OTeikmanis1-1-1536x1152.jpg 1536w, https:\/\/jauniezinatnieki.lv\/wp-content\/uploads\/2025\/03\/29072023_LJZA_OTeikmanis1-1-16x12.jpg 16w, https:\/\/jauniezinatnieki.lv\/wp-content\/uploads\/2025\/03\/29072023_LJZA_OTeikmanis1-1.jpg 1600w\" sizes=\"(max-width: 613px) 100vw, 613px\" \/><\/p>\n<p><a href=\"https:\/\/jauniezinatnieki.lv\/en\/ka-jaunie-zinatnieki-var-ietekmet-zinatnes-politiku\/\"><b>Rakst\u012b\u0161anas retr\u012bts.<\/b><\/a><span style=\"font-weight: 400;\"> 2023. gad\u0101 <\/span><b>Liene Spru\u017eeniece<\/b><span style=\"font-weight: 400;\"> uzs\u0101ka iniciat\u012bvu veidot ikgad\u0113jos \u201cRakst\u012b\u0161anas retr\u012btus\u201d, kuros vair\u0101ku dienu garum\u0101 tiek pl\u0101notas un \u012bstenotas jaunajiem zin\u0101tniekiem noz\u012bm\u012bgas iniciat\u012bvas. L\u012bdz \u0161im notiku\u0161i divi pas\u0101kumi, katr\u0101 no tiem pulc\u0113jot ap 20 LJZA biedrus.<\/span><\/p>\n<p><img decoding=\"async\" class=\"alignnone wp-image-7392\" src=\"https:\/\/jauniezinatnieki.lv\/wp-content\/uploads\/2025\/03\/DSC_0004-360x239.jpg\" alt=\"\" width=\"639\" height=\"424\" srcset=\"https:\/\/jauniezinatnieki.lv\/wp-content\/uploads\/2025\/03\/DSC_0004-360x239.jpg 360w, https:\/\/jauniezinatnieki.lv\/wp-content\/uploads\/2025\/03\/DSC_0004-1024x681.jpg 1024w, https:\/\/jauniezinatnieki.lv\/wp-content\/uploads\/2025\/03\/DSC_0004-768x511.jpg 768w, https:\/\/jauniezinatnieki.lv\/wp-content\/uploads\/2025\/03\/DSC_0004-1536x1021.jpg 1536w, https:\/\/jauniezinatnieki.lv\/wp-content\/uploads\/2025\/03\/DSC_0004-scaled.jpg 2048w, https:\/\/jauniezinatnieki.lv\/wp-content\/uploads\/2025\/03\/DSC_0004-18x12.jpg 18w\" sizes=\"(max-width: 639px) 100vw, 639px\" \/><\/p>\n<p><b>Neform\u0101lie pas\u0101kumi.<\/b><span style=\"font-weight: 400;\"> LJZA valde r\u016bp\u0113j\u0101s ar\u012b par salied\u0113tas kopienas veido\u0161anu. 2023. un 2024. gad\u0101 notika vair\u0101ki <\/span><a href=\"https:\/\/www.facebook.com\/events\/324053266745978\/?_rdr\"><b>p\u0101rg\u0101jieni<\/b><span style=\"font-weight: 400;\">,<\/span><\/a><span style=\"font-weight: 400;\"> kuros jaunie zin\u0101tnieki neform\u0101l\u0101 gaisotn\u0113 var\u0113ja iepaz\u012bties un dal\u012bties pieredz\u0113. T\u0101pat tika turpin\u0101ta trad\u012bcija r\u012bkot <\/span><a href=\"https:\/\/www.facebook.com\/events\/1123953039441221\"><b>\u201cZin\u0101tnes pusstopus\u201d<\/b><\/a><span style=\"font-weight: 400;\"> \u2013 neform\u0101las tik\u0161an\u0101s, kur\u0101s notiek diskusijas par zin\u0101tni un individu\u0101lo pieredzi. Neform\u0101lie pas\u0101kumi veicina pieder\u012bbas saj\u016btu LJZA kopienai. \u0160\u0101di neform\u0101li t\u012bklo\u0161an\u0101s pas\u0101kumi tika organiz\u0113ti ar\u012b London\u0101 un Oslo.<\/span><\/p>\n<p><img decoding=\"async\" class=\"alignnone wp-image-7393\" src=\"https:\/\/jauniezinatnieki.lv\/wp-content\/uploads\/2025\/03\/20230827_095812-360x240.jpg\" alt=\"\" width=\"630\" height=\"420\" srcset=\"https:\/\/jauniezinatnieki.lv\/wp-content\/uploads\/2025\/03\/20230827_095812-360x240.jpg 360w, https:\/\/jauniezinatnieki.lv\/wp-content\/uploads\/2025\/03\/20230827_095812-1024x683.jpg 1024w, https:\/\/jauniezinatnieki.lv\/wp-content\/uploads\/2025\/03\/20230827_095812-768x512.jpg 768w, https:\/\/jauniezinatnieki.lv\/wp-content\/uploads\/2025\/03\/20230827_095812-1536x1024.jpg 1536w, https:\/\/jauniezinatnieki.lv\/wp-content\/uploads\/2025\/03\/20230827_095812-scaled.jpg 2048w, https:\/\/jauniezinatnieki.lv\/wp-content\/uploads\/2025\/03\/20230827_095812-18x12.jpg 18w\" sizes=\"(max-width: 630px) 100vw, 630px\" \/><\/p>\n<p><a href=\"https:\/\/jauniezinatnieki.lv\/en\/doma-leni-par-zinatni-uz-pasaules-mazakas-skatuves-sarunu-festivala-lampa\/\"><b>Sarunu festiv\u0101ls LAMPA<\/b><\/a><b>.<\/b><span style=\"font-weight: 400;\"> LJZA biedres <\/span><b>Rasmas P\u012bpi\u0137es<\/b><span style=\"font-weight: 400;\"> vad\u012bb\u0101 apvien\u012bba \u012bstenoja zin\u0101tnes komunik\u0101cijas iniciat\u012bvu, 2024. gada j\u016blij\u0101 piedaloties <\/span><b>Sarunu festiv\u0101l\u0101 LAMPA<\/b><span style=\"font-weight: 400;\"> ar divu dienu pas\u0101kumu ciklu \u201c<\/span><b>Dom\u0101 l\u0113ni<\/b><span style=\"font-weight: 400;\">\u201d. Uz <\/span><b>Pasaules maz\u0101k\u0101s skatuves<\/b><span style=\"font-weight: 400;\"> LJZA r\u012bkoja diskusijas, kur\u0101s asto\u0146i jaunie zin\u0101tnieki no da\u017e\u0101d\u0101m nozar\u0113m st\u0101st\u012bja par saviem p\u0113t\u012bjumiem un to ietekmi uz sabiedr\u012bbai noz\u012bm\u012bgiem procesiem\u200b. \u0160\u012bs aktivit\u0101tes m\u0113r\u0137is bija veicin\u0101t sabiedr\u012bbas interesi par zin\u0101tni un par\u0101d\u012bt, ka jaunie p\u0113tnieki \u012bsteno noz\u012bm\u012bgus p\u0113t\u012bjumus, sniedzot pienesumu sabiedr\u012bbai, k\u0101 ar\u012b izcelt vi\u0146u fantastisk\u0101s person\u012bbas.<\/span><\/p>\n<p><img loading=\"lazy\" decoding=\"async\" class=\"alignnone wp-image-7396\" src=\"https:\/\/jauniezinatnieki.lv\/wp-content\/uploads\/2025\/03\/IMG_0558_Ansone-360x270.jpeg\" alt=\"\" width=\"590\" height=\"443\" srcset=\"https:\/\/jauniezinatnieki.lv\/wp-content\/uploads\/2025\/03\/IMG_0558_Ansone-360x270.jpeg 360w, https:\/\/jauniezinatnieki.lv\/wp-content\/uploads\/2025\/03\/IMG_0558_Ansone-1024x768.jpeg 1024w, https:\/\/jauniezinatnieki.lv\/wp-content\/uploads\/2025\/03\/IMG_0558_Ansone-768x576.jpeg 768w, https:\/\/jauniezinatnieki.lv\/wp-content\/uploads\/2025\/03\/IMG_0558_Ansone-1536x1152.jpeg 1536w, https:\/\/jauniezinatnieki.lv\/wp-content\/uploads\/2025\/03\/IMG_0558_Ansone-16x12.jpeg 16w, https:\/\/jauniezinatnieki.lv\/wp-content\/uploads\/2025\/03\/IMG_0558_Ansone.jpeg 2048w\" sizes=\"(max-width: 590px) 100vw, 590px\" \/><\/p>\n<p><b>\u201cSkolu projekts\u201d.<\/b><span style=\"font-weight: 400;\"> LJZA p\u0101rst\u0101vji 2023. gada ruden\u012b viesoj\u0101s <\/span><a href=\"https:\/\/jauniezinatnieki.lv\/en\/jaunie-zinatnieki-iedvesmo-nakamo-paaudzi\/\"><span style=\"font-weight: 400;\">10 Latvijas re\u0123ionu skol\u0101s<\/span><\/a><span style=\"font-weight: 400;\">, kur vidusskol\u0113niem st\u0101st\u012bja par karjeras iesp\u0113j\u0101m zin\u0101tn\u0113, kopum\u0101 sasniedzot ap 500 skol\u0113nu auditoriju\u200b. \u0160\u012b iniciat\u012bva vairoja jaunie\u0161u interesi par zin\u0101tnieka profesiju un veicin\u0101ja izpratni par p\u0113tniec\u012bbas noz\u012bm\u012bgumu sabiedr\u012bb\u0101.<\/span><\/p>\n<p><img loading=\"lazy\" decoding=\"async\" class=\"alignnone wp-image-7394\" src=\"https:\/\/jauniezinatnieki.lv\/wp-content\/uploads\/2025\/03\/Blidene_1-360x270.jpg\" alt=\"\" width=\"599\" height=\"449\" srcset=\"https:\/\/jauniezinatnieki.lv\/wp-content\/uploads\/2025\/03\/Blidene_1-360x270.jpg 360w, https:\/\/jauniezinatnieki.lv\/wp-content\/uploads\/2025\/03\/Blidene_1-1024x768.jpg 1024w, https:\/\/jauniezinatnieki.lv\/wp-content\/uploads\/2025\/03\/Blidene_1-768x576.jpg 768w, https:\/\/jauniezinatnieki.lv\/wp-content\/uploads\/2025\/03\/Blidene_1-1536x1152.jpg 1536w, https:\/\/jauniezinatnieki.lv\/wp-content\/uploads\/2025\/03\/Blidene_1-16x12.jpg 16w, https:\/\/jauniezinatnieki.lv\/wp-content\/uploads\/2025\/03\/Blidene_1.jpg 2000w\" sizes=\"(max-width: 599px) 100vw, 599px\" \/><\/p>\n<p><span style=\"font-weight: 400;\">Tradicion\u0101li katra gada izska\u0146\u0101 LJZA r\u012bko <\/span><a href=\"https:\/\/jauniezinatnieki.lv\/en\/gada-nosleguma-pasakums\/\"><b>gada nosl\u0113guma pas\u0101kumu<\/b><\/a><span style=\"font-weight: 400;\">, lai atskat\u012btos uz paveikto un pateiktos akt\u012bv\u0101kajiem biedriem. \u0160ajos pas\u0101kumos pulc\u0113jas gan jaunie, gan pieredz\u0113ju\u0161ie zin\u0101tnieki, neform\u0101l\u0101 atmosf\u0113r\u0101, daloties gada spilgt\u0101kajos br\u012b\u017eos. 2023. gada pas\u0101kum\u0101 tika ieviesta Gada balvas trad\u012bcija, ar m\u0113r\u0137i pateikties LJZA sadarb\u012bbas partneriem un akt\u012bv\u0101kajiem biedriem.<\/span><\/p>\n<p><img loading=\"lazy\" decoding=\"async\" class=\"alignnone wp-image-7398\" src=\"https:\/\/jauniezinatnieki.lv\/wp-content\/uploads\/2025\/03\/DSC_0516-360x203.jpg\" alt=\"\" width=\"598\" height=\"337\" srcset=\"https:\/\/jauniezinatnieki.lv\/wp-content\/uploads\/2025\/03\/DSC_0516-360x203.jpg 360w, https:\/\/jauniezinatnieki.lv\/wp-content\/uploads\/2025\/03\/DSC_0516-1024x576.jpg 1024w, https:\/\/jauniezinatnieki.lv\/wp-content\/uploads\/2025\/03\/DSC_0516-768x432.jpg 768w, https:\/\/jauniezinatnieki.lv\/wp-content\/uploads\/2025\/03\/DSC_0516-1536x864.jpg 1536w, https:\/\/jauniezinatnieki.lv\/wp-content\/uploads\/2025\/03\/DSC_0516-scaled.jpg 2048w, https:\/\/jauniezinatnieki.lv\/wp-content\/uploads\/2025\/03\/DSC_0516-18x10.jpg 18w\" sizes=\"(max-width: 598px) 100vw, 598px\" \/><\/p>\n<h2><b>Sadarb\u012bba un starptautisk\u0101 p\u0101rst\u0101vniec\u012bba<\/b><\/h2>\n<p><span style=\"font-weight: 400;\">LJZA veidoja ar\u012b jaunas sadarb\u012bbas ar cit\u0101m instit\u016bcij\u0101m. 2023. gad\u0101 Oskars Teikmanis uzs\u0101ka sadarb\u012bbu ar <\/span><b>Latvijas Nacion\u0101lo bibliot\u0113ku,<\/b><span style=\"font-weight: 400;\"> organiz\u0113jot semin\u0101ru s\u0113riju par m\u0101ksl\u012bg\u0101 intelekta izmanto\u0161anu izgl\u012bt\u012bb\u0101, sekm\u0113jot dialogu starp zin\u0101tniekiem un skolot\u0101jiem. T\u0101pat LJZA iesaist\u012bj\u0101s <\/span><b>Izgl\u012bt\u012bbas fonda \u201cAugt\u201d<\/b><span style=\"font-weight: 400;\"> tematiskaj\u0101s darbn\u012bc\u0101s, kur\u0101s nevalstisko organiz\u0101ciju un soci\u0101lo uz\u0146\u0113mumu p\u0101rst\u0101vji mekl\u0113ja risin\u0101jumus, k\u0101 veicin\u0101t izgl\u012bt\u012bbas att\u012bst\u012bbu Latvij\u0101\u200b.\u00a0<\/span><\/p>\n<p><img loading=\"lazy\" decoding=\"async\" class=\"alignnone wp-image-7397\" src=\"https:\/\/jauniezinatnieki.lv\/wp-content\/uploads\/2025\/03\/Kafido_28216717-95-360x240.jpg\" alt=\"\" width=\"597\" height=\"398\" srcset=\"https:\/\/jauniezinatnieki.lv\/wp-content\/uploads\/2025\/03\/Kafido_28216717-95-360x240.jpg 360w, https:\/\/jauniezinatnieki.lv\/wp-content\/uploads\/2025\/03\/Kafido_28216717-95-1024x683.jpg 1024w, https:\/\/jauniezinatnieki.lv\/wp-content\/uploads\/2025\/03\/Kafido_28216717-95-768x512.jpg 768w, https:\/\/jauniezinatnieki.lv\/wp-content\/uploads\/2025\/03\/Kafido_28216717-95-1536x1024.jpg 1536w, https:\/\/jauniezinatnieki.lv\/wp-content\/uploads\/2025\/03\/Kafido_28216717-95-scaled.jpg 2048w, https:\/\/jauniezinatnieki.lv\/wp-content\/uploads\/2025\/03\/Kafido_28216717-95-18x12.jpg 18w\" sizes=\"(max-width: 597px) 100vw, 597px\" \/><\/p>\n<p><span style=\"font-weight: 400;\">LJZA p\u0101rst\u0101vji nostiprin\u0101ja savu p\u0101rst\u0101vniec\u012bbu <\/span><b>Eiropas jauno akad\u0113miju (ENYA)<\/b><span style=\"font-weight: 400;\"> un <\/span><b>Zieme\u013cvalstu un Baltijas jauno akad\u0113miju <\/b><span style=\"font-weight: 400;\">sadarb\u012bbas platform\u0101s. 2023. gad\u0101 LJZA p\u0101rst\u0101vji piedal\u012bj\u0101s jauno akad\u0113miju san\u0101ksm\u0113 Oslo (Norv\u0113\u0123ij\u0101)\u200b, savuk\u0101rt <\/span><a href=\"https:\/\/jauniezinatnieki.lv\/en\/ljza-piedalas-eiropas-zinatnu-akademiju-rikota-pasakuma-par-zinatne-balstitu-padomu-sniegsanu\/\"><span style=\"font-weight: 400;\">2024. gad\u0101 \u2013 ENYA\/ALLEA kopsapulc\u0113 Berl\u012bn\u0113 (V\u0101cija)<\/span><\/a><span style=\"font-weight: 400;\"> un Zieme\u013cvalstu un Baltijas valstu san\u0101ksm\u0113 Kopenh\u0101gen\u0101 (D\u0101nija).\u00a0<\/span><\/p>\n<p><img loading=\"lazy\" decoding=\"async\" class=\"alignnone wp-image-7395\" src=\"https:\/\/jauniezinatnieki.lv\/wp-content\/uploads\/2025\/03\/WhatsApp-Image-2023-09-09-8-1-360x267.jpg\" alt=\"\" width=\"592\" height=\"439\" srcset=\"https:\/\/jauniezinatnieki.lv\/wp-content\/uploads\/2025\/03\/WhatsApp-Image-2023-09-09-8-1-360x267.jpg 360w, https:\/\/jauniezinatnieki.lv\/wp-content\/uploads\/2025\/03\/WhatsApp-Image-2023-09-09-8-1-1024x760.jpg 1024w, https:\/\/jauniezinatnieki.lv\/wp-content\/uploads\/2025\/03\/WhatsApp-Image-2023-09-09-8-1-768x570.jpg 768w, https:\/\/jauniezinatnieki.lv\/wp-content\/uploads\/2025\/03\/WhatsApp-Image-2023-09-09-8-1-1536x1140.jpg 1536w, https:\/\/jauniezinatnieki.lv\/wp-content\/uploads\/2025\/03\/WhatsApp-Image-2023-09-09-8-1-16x12.jpg 16w, https:\/\/jauniezinatnieki.lv\/wp-content\/uploads\/2025\/03\/WhatsApp-Image-2023-09-09-8-1.jpg 1841w\" sizes=\"(max-width: 592px) 100vw, 592px\" \/><\/p>\n<p><span style=\"font-weight: 400;\">LJZA akt\u012bvi darboj\u0101s ar\u012b citos starptautiskos form\u0101tos \u2013 organiz\u0101cijas p\u0101rst\u0101vji piedal\u012bj\u0101s <\/span><b>Eurodoc<\/b><span style=\"font-weight: 400;\"> (Eiropas jauno p\u0113tnieku padomes) gadsk\u0101rt\u0113j\u0101 konferenc\u0113 un <\/span><a href=\"https:\/\/jauniezinatnieki.lv\/en\/ljza-piedalas-alsruk-konference-londona\/\"><span style=\"font-weight: 400;\">Latvijas studentu un p\u0113tnieku asoci\u0101cijas Lielbrit\u0101nij\u0101 (ALSRUK)<\/span><\/a><span style=\"font-weight: 400;\"> r\u012bkotajos pas\u0101kumos\u200b, veicinot sadarb\u012bbu ar diasporas zin\u0101tniekiem. LJZA valdes locekle <\/span><b>Tatjana Pladere<\/b><span style=\"font-weight: 400;\"> p\u0101rst\u0101v\u0113ja LJZA vair\u0101k\u0101s starptautisk\u0101s konferenc\u0113s, diskut\u0113jot par t\u0101d\u0101m t\u0113m\u0101m k\u0101, piem\u0113ram, dzimumu l\u012bdzties\u012bbu akad\u0113miskaj\u0101 vid\u0113 un zin\u0101tnisk\u0101s karjeras probl\u0113m\u0101m un risin\u0101jumiem Baltijas valst\u012bs.<\/span><\/p>\n<p><span style=\"font-weight: 400;\">Eiropas Parlamenta deput\u0101ts Ivars Ijabs 2022. gad\u0101 uzaicin\u0101ja LJZA viesoties Eiropas Parlament\u0101 Brisel\u0113. LJZA deleg\u0101cija iepazina Eiropas Parlamenta darbu, tik\u0101s ar Latvijas, Igaunijas un Lietuvas p\u0101rst\u0101vjiem zin\u0101tnes jaut\u0101jumos, k\u0101 ar\u012b diskut\u0113ja ar ScienceEurope ekspertu par atv\u0113rto zin\u0101tni.<\/span><\/p>\n<h2><b>Science communication\u00a0<\/b><\/h2>\n<p><span style=\"font-weight: 400;\">Apvien\u012bba akt\u012bvi att\u012bst\u012bja zin\u0101tnes komunik\u0101ciju un pauda viedokli publiskaj\u0101 telp\u0101, <\/span><b>public\u0113jot viedok\u013crakstus<\/b><span style=\"font-weight: 400;\">. 2022. \u2013 2024. gad\u0101 LJZA sagatavoja vair\u0101kus viedok\u013crakstus par zin\u0101tnes politiku un akad\u0113misko god\u012bgumu, piem\u0113ram, Antras Bo\u010das viedok\u013craksts <\/span><a href=\"https:\/\/jauniezinatnieki.lv\/en\/profesuras-tenura-latvija-jeb-maju-buvet-saksim-no-jumta\/\"><span style=\"font-weight: 400;\">\u201cProfes\u016bras ten\u016bra Latvij\u0101 jeb m\u0101ju s\u0101ksim b\u016bv\u0113t no jumta\u201d<\/span><\/a><span style=\"font-weight: 400;\"> (port\u0101ls Delfi.lv) un <\/span><a href=\"https:\/\/jauniezinatnieki.lv\/en\/zinatne-var-palidzet-ar-ekonomisko-transformaciju\/\"><span style=\"font-weight: 400;\">\u201cZin\u0101tne var pal\u012bdz\u0113t ar ekonomisko transform\u0101ciju\u201d<\/span><\/a><span style=\"font-weight: 400;\"> (port\u0101ls ir.lv). Tika public\u0113ti viedok\u013craksti par akad\u0113misko god\u012bgumu <\/span><a href=\"https:\/\/jauniezinatnieki.lv\/en\/kur-mirst-latvijas-zinatne\/\"><span style=\"font-weight: 400;\">\u201cKur mirst Latvijas zin\u0101tne?\u201d<\/span><\/a><span style=\"font-weight: 400;\"> un <\/span><a href=\"https:\/\/jauniezinatnieki.lv\/en\/etikas-dilemmas-zinatnes-edenes-darza\/\"><span style=\"font-weight: 400;\">\u201c\u0112tikas dilemmas zin\u0101tnes \u2018\u0112denes d\u0101rz\u0101\u2019\u201d<\/span><\/a><span style=\"font-weight: 400;\"> (port\u0101ls ir.lv), kas tapa <\/span><b>Annas Stik\u0101nes<\/b><span style=\"font-weight: 400;\"> vad\u012bb\u0101. Savuk\u0101rt Liene Spru\u017eeniece piev\u0113rsa b\u016btisku uzman\u012bbu t\u0113mai par zin\u0101tnes izcil\u012bbas v\u0113rt\u0113\u0161anu, sniedzot padzi\u013cin\u0101tu skaidrojumu rakst\u0101 \u201c<\/span><a href=\"https:\/\/www.lza.lv\/publikacijas\/zinatnes-vestnesis\/2115-kapec-zinatniekiem-nevajadzetu-merities-ar-hirsa-indeksiem-zinatnes-vestnesis\"><span style=\"font-weight: 400;\">K\u0101p\u0113c zin\u0101tniekiem nevajadz\u0113tu \u201cm\u0113r\u012bties\u201d ar Hir\u0161a indeksiem<\/span><\/a><b>\u201d.<\/b><span style=\"font-weight: 400;\"> LJZA sniedza ar\u012b koment\u0101rus \u017eurn\u0101l\u0101 <\/span><i><span style=\"font-weight: 400;\">Ir<\/span><\/i><span style=\"font-weight: 400;\"> par konkr\u0113tiem akad\u0113misk\u0101s \u0113tikas p\u0101rk\u0101pumiem, apliecinot apvien\u012bbas stingro nost\u0101ju pret ne\u0113tisku r\u012bc\u012bbu zin\u0101tn\u0113.<\/span><\/p>\n<p><span style=\"font-weight: 400;\">LJZA p\u0101rst\u0101vji piedal\u012bj\u0101s gan intervij\u0101s, gan diskusij\u0101s, p\u0101rst\u0101vot jauno zin\u0101tnieku intereses Latvijas Radio un citos medijos. LJZA akt\u012bvi piedal\u012bj\u0101s ar\u012b pane\u013cdiskusij\u0101s, piem\u0113ram, R\u012bgas Stradi\u0146a universit\u0101tes r\u012bkotaj\u0101s \u201cZin\u0101tnieku brokast\u012bs\u201d, Pasaules latvie\u0161u zin\u0101tnieku kongres\u0101 un citviet, aktualiz\u0113jot t\u0101das t\u0113mas k\u0101 nepietiekamais finans\u0113jums zin\u0101tnei, fundament\u0101lo p\u0113t\u012bjumu noz\u012bme un nepiecie\u0161amais atbalsts jaunajiem zin\u0101tniekiem karjeras s\u0101kumposm\u0101\u200b.<\/span><\/p>","protected":false},"excerpt":{"rendered":"<p>Latvijas Jauno zin\u0101tnieku apvien\u012bbas (LJZA) iepriek\u0161\u0113j\u0101s valdes darb\u012bbas laik\u0101 (2022 \u2013 2025) organiz\u0101cija \u012bstenoja vair\u0101kas noz\u012bm\u012bgas aktivit\u0101tes. LJZA sirsn\u012bgi pateicas biju\u0161ajiem valdes locek\u013ciem, Antrai Bo\u010dai, Mat\u012bsam Reinfeldam, Lienei Spru\u017eeniecei un Tatjanai Pladerei, k\u0101 ar\u012b Raimondai Solohai un Oskaram Teikmanim, kuri turpina darbu LJZA vald\u0113. P\u0101rskat\u0101 apkopotas b\u016btisk\u0101k\u0101s iniciat\u012bvas un paveiktais tr\u012bs gadu period\u0101. Zin\u0101tnes politika [&hellip;]<\/p>","protected":false},"author":12,"featured_media":7269,"comment_status":"closed","ping_status":"closed","sticky":false,"template":"","format":"standard","meta":{"_acf_changed":false,"footnotes":""},"categories":[162],"tags":[],"class_list":["post-7390","post","type-post","status-publish","format-standard","has-post-thumbnail","hentry","category-zinas"],"acf":[],"_links":{"self":[{"href":"https:\/\/jauniezinatnieki.lv\/en\/wp-json\/wp\/v2\/posts\/7390","targetHints":{"allow":["GET"]}}],"collection":[{"href":"https:\/\/jauniezinatnieki.lv\/en\/wp-json\/wp\/v2\/posts"}],"about":[{"href":"https:\/\/jauniezinatnieki.lv\/en\/wp-json\/wp\/v2\/types\/post"}],"author":[{"embeddable":true,"href":"https:\/\/jauniezinatnieki.lv\/en\/wp-json\/wp\/v2\/users\/12"}],"replies":[{"embeddable":true,"href":"https:\/\/jauniezinatnieki.lv\/en\/wp-json\/wp\/v2\/comments?post=7390"}],"version-history":[{"count":5,"href":"https:\/\/jauniezinatnieki.lv\/en\/wp-json\/wp\/v2\/posts\/7390\/revisions"}],"predecessor-version":[{"id":7403,"href":"https:\/\/jauniezinatnieki.lv\/en\/wp-json\/wp\/v2\/posts\/7390\/revisions\/7403"}],"wp:featuredmedia":[{"embeddable":true,"href":"https:\/\/jauniezinatnieki.lv\/en\/wp-json\/wp\/v2\/media\/7269"}],"wp:attachment":[{"href":"https:\/\/jauniezinatnieki.lv\/en\/wp-json\/wp\/v2\/media?parent=7390"}],"wp:term":[{"taxonomy":"category","embeddable":true,"href":"https:\/\/jauniezinatnieki.lv\/en\/wp-json\/wp\/v2\/categories?post=7390"},{"taxonomy":"post_tag","embeddable":true,"href":"https:\/\/jauniezinatnieki.lv\/en\/wp-json\/wp\/v2\/tags?post=7390"}],"curies":[{"name":"wp","href":"https:\/\/api.w.org\/{rel}","templated":true}]}}