{"id":7445,"date":"2025-06-17T17:01:15","date_gmt":"2025-06-17T14:01:15","guid":{"rendered":"https:\/\/jauniezinatnieki.lv\/?p=7445"},"modified":"2025-10-19T23:02:18","modified_gmt":"2025-10-19T20:02:18","slug":"doma-leni-ar-ljza-par-zinatni-uz-pasaules-mazakas-skatuves-festivala-lampa","status":"publish","type":"post","link":"https:\/\/jauniezinatnieki.lv\/en\/doma-leni-ar-ljza-par-zinatni-uz-pasaules-mazakas-skatuves-festivala-lampa\/","title":{"rendered":"Dom\u0101 l\u0113ni ar LJZA par zin\u0101tni uz Pasaules maz\u0101k\u0101s skatuves festiv\u0101l\u0101 LAMPA"},"content":{"rendered":"<p>20.\u201321. j\u016bnij\u0101, sarunu festiv\u0101l\u0101 LAMPA C\u0113s\u012bs, uz Pasaules maz\u0101k\u0101s skatuves otro gadu p\u0113c k\u0101rtas notiks Latvijas Jauno zin\u0101tnieku apvien\u012bbas (LJZA) veidots pas\u0101kums <em>\u201cDom\u0101 l\u0113ni\u201d<\/em>. Iniciat\u012bva aicina sabiedr\u012bbu ieklaus\u012bties un iedzi\u013cin\u0101ties \u2013 gan zin\u0101tnes t\u0113m\u0101s, gan tajos, kas \u0161\u012bs zin\u0101\u0161anas rada \u2013 jaunajos p\u0113tniekos.<\/p>\n<p>Divu dienu programm\u0101 notiks devi\u0146as intervijas ar da\u017e\u0101du jomu jaunajiem zin\u0101tniekiem, k\u0101 ar\u012b jauno zin\u0101tnieku \u012bsrunas par t\u0113mu \u201cK\u0101 veiksm\u012bgi izg\u0101zties?\u201d, kur dal\u012bbnieki da\u017eu min\u016b\u0161u laik\u0101 vienk\u0101r\u0161\u0101 valod\u0101 skaidros savus p\u0113t\u012bjumus un to, k\u0101 no k\u013c\u016bd\u0101m ir iesp\u0113jams m\u0101c\u012bties un pat atrast ko pozit\u012bvu. Pas\u0101kum\u0101 notiks ar\u012b starptautiska pane\u013cdiskusija sadarb\u012bb\u0101 ar Francijas instit\u016btu Latvij\u0101, k\u0101 ar\u012b sarunas ar atbalst\u012bt\u0101jiem un partneriem.<\/p>\n<p>Pas\u0101kuma m\u0113r\u0137is ir nodro\u0161in\u0101t platformu jaunajiem zin\u0101tniekiem, kur\u0101 atkl\u0101t ne vien savu p\u0113t\u012bjumu b\u016bt\u012bbu, bet ar\u012b savu person\u012bbu un motiv\u0101ciju \u2013 par\u0101d\u012bt, ka zin\u0101tne nav atrauta vai abstrakta, bet dzi\u013ci person\u012bga un saist\u012bta ar cilv\u0113ku dz\u012bvi.<\/p>\n<p>LJZA valdes locekle un skatuves idejas autore Rasma P\u012bpi\u0137e uzver: &#8220;<em>Zin\u0101tnei ir vajadz\u012bga telpa, kur\u0101 dom\u0101t l\u0113ni \u2013 kur\u0101 zin\u0101tniekiem ir laiks izskaidrot, bet sabiedr\u012bbai \u2013 iesp\u0113ja klaus\u012bties un saprast. Pasaules maz\u0101k\u0101 skatuve \u013cauj rad\u012bt \u0161\u0101du tuv\u012bbas form\u0101tu, kas ir gan simbolisks, gan <\/em><em>patiesi re\u0101ls solis tuv\u0101k izgl\u012bt\u012bbas pieejam\u012bbai visiem<\/em>.\u201d<\/p>\n<p>Latvijas Jauno zin\u0101tnieku apvien\u012bbas m\u0113r\u0137is ir apvienot doktorantus un jaunos zin\u0101tniekus Latvij\u0101 un diaspor\u0101, k\u0101 ar\u012b p\u0101rst\u0101v\u0113t un aizst\u0101v\u0113t vi\u0146u ties\u012bbas un intereses augstskolu, valsts un starptautisk\u0101 l\u012bmen\u012b. Kampa\u0146a Dom\u0101 l\u0113ni ir noz\u012bm\u012bgs ieguld\u012bjums Latvijas zin\u0101tnes ekosist\u0113mas att\u012bst\u012bb\u0101, jo sniedz iesp\u0113ju jaunajiem p\u0113tniekiem publiski run\u0101t par savu darbu, stiprina vi\u0146u atpaz\u012bstam\u012bbu, k\u0101 ar\u012b veicina sabiedr\u012bbas uztic\u0113\u0161anos zin\u0101tnei. Pas\u0101kuma form\u0101ts atbilst Latvijas atv\u0113rt\u0101s zin\u0101tnes strat\u0113\u0123ijas virzieniem \u2013 padarot zin\u0101\u0161anas pieejamas un veicinot sabiedr\u012bbas l\u012bdzdal\u012bbu p\u0113tniec\u012bb\u0101.<\/p>\n<p>Zin\u0101tnieku \u012bsrun\u0101s piedal\u012bsies Anitra Z\u012ble ar st\u0101stu par mikroskopiskiem kariem, kas izgl\u0101ba pasauli, Rihards Ruska par hronisku disert\u0101ciju, Evija Mir\u0137e par to, k\u0101 bez labas komandas un neatlaid\u012bbas var\u0113ja nesan\u0101kt, Aina Semjonova par &#8220;nekas nesan\u0101k&#8221;, R\u016bdolfs Rubenis par veiksm\u012bgo, bet k\u013c\u016bdaino uzst\u0101\u0161anos pirmaj\u0101 starptautiskaj\u0101 konferenc\u0113, Daniela Godi\u0146a par m\u016b\u017e\u012bgo vaininieku un M\u0101rti\u0146\u0161 Pri\u010dins par iesp\u0113j\u0101m un drosmi.<\/p>\n<p>\u0160aj\u0101 pas\u0101kum\u0101 tiks interv\u0113ti jaunie zin\u0101tnieki un p\u0113tnieki par da\u017e\u0101d\u0101m t\u0113m\u0101m: Krist\u012bne \u0160neidere par dom\u0101\u0161anu, Rasma P\u012bpi\u0137e par dzi\u013co da\u017e\u0101d\u012bbu, D\u0101vis En\u0123elis par m\u016bziku, Eduards Ba\u0137is par \u0137\u012bmiju, Anna Stik\u0101ne par inov\u0101cij\u0101m, Brigita Dejus par \u016bdeni, J\u0101nis Lazovskis par cipariem, Tatjana Pladere par redzi un J\u0101nis Ru\u0161ko par riskiem.<\/p>\n<p>Pasaules maz\u0101k\u0101 skatuve pati par sevi ir v\u0113st\u012bjums \u2013 t\u0101 simboliz\u0113, ka izgl\u012bt\u012bbai nav j\u0101b\u016bt elit\u0101rai vai att\u0101lin\u0101tai. Tai j\u0101b\u016bt tuvai, cilv\u0113c\u012bgai un pieejamai ikvienam.<\/p>\n<p>Pas\u0101kuma programma pieejama <a href=\"https:\/\/festivalslampa.lv\/lv\/vini-bus\/3948?speakerId=3948&amp;language_ids=&amp;theme_ids=&amp;applocale=lv&amp;archive=true&amp;selected_years=&amp;\">\u0161eit<\/a>.<\/p>\n<p><strong>Latvijas Jauno zin\u0101tnieku apvien\u012bba izsaka pateic\u012bbu visiem saviem atbalst\u012bt\u0101jiem: <\/strong>AS \u201cLatvijas Finieris\u201d, SIA <a href=\"https:\/\/www.facebook.com\/profile.php?id=61561295603214&amp;__cft__%5B0%5D=AZWMRASI_zRF7gAJ-jq4180dDtkjWC8goAqTT2Iq38djlCOWpECzlNXwaJ7bcrhVxo8MG3VBpyR5XReGCeHZPNEWC-7Dh8ipxL-cAzTw3pcpUdw2PZyyS5Zl_BOM9Y7vbF2WlMQjlp3my_gtnwOtitnWgNxasdhmMVbhu2mjxaj-MJxWoiCuejEU6olx4Bx-lQX3iI2LNo_Rpc3Z14ueuvhH&amp;__tn__=-%5DK*F\">AstraMed Baltic<\/a>, biedr\u012bbai \u201cRado\u0161\u0101s Idejas\u201d projektam ARENAS, Francijas instit\u016btam Latvij\u0101, Latvijas Hidroekolo\u0123ijas instit\u016btam, <a href=\"https:\/\/www.facebook.com\/InstitutsBIOR?__cft__%5B0%5D=AZWMRASI_zRF7gAJ-jq4180dDtkjWC8goAqTT2Iq38djlCOWpECzlNXwaJ7bcrhVxo8MG3VBpyR5XReGCeHZPNEWC-7Dh8ipxL-cAzTw3pcpUdw2PZyyS5Zl_BOM9Y7vbF2WlMQjlp3my_gtnwOtitnWgNxasdhmMVbhu2mjxaj-MJxWoiCuejEU6olx4Bx-lQX3iI2LNo_Rpc3Z14ueuvhH&amp;__tn__=-%5DK*F\">Valsts zin\u0101tniskajam instit\u016btam BIOR<\/a>, Latvijas EFSA Fok\u0101lajam punktam, JCDecaux, Radi SWH, Latvijas Radio, AS \u201cDobeles Dzirnavnieks\u201d, Seik O\u00dc <a href=\"https:\/\/www.facebook.com\/mansseiks?__cft__%5B0%5D=AZWMRASI_zRF7gAJ-jq4180dDtkjWC8goAqTT2Iq38djlCOWpECzlNXwaJ7bcrhVxo8MG3VBpyR5XReGCeHZPNEWC-7Dh8ipxL-cAzTw3pcpUdw2PZyyS5Zl_BOM9Y7vbF2WlMQjlp3my_gtnwOtitnWgNxasdhmMVbhu2mjxaj-MJxWoiCuejEU6olx4Bx-lQX3iI2LNo_Rpc3Z14ueuvhH&amp;__tn__=-%5DK*F\">Izdev\u0113jam SEIK.<\/a><\/p>","protected":false},"excerpt":{"rendered":"<p>20.\u201321. j\u016bnij\u0101, sarunu festiv\u0101l\u0101 LAMPA C\u0113s\u012bs, uz Pasaules maz\u0101k\u0101s skatuves otro gadu p\u0113c k\u0101rtas notiks Latvijas Jauno zin\u0101tnieku apvien\u012bbas (LJZA) veidots pas\u0101kums \u201cDom\u0101 l\u0113ni\u201d. Iniciat\u012bva aicina sabiedr\u012bbu ieklaus\u012bties un iedzi\u013cin\u0101ties \u2013 gan zin\u0101tnes t\u0113m\u0101s, gan tajos, kas \u0161\u012bs zin\u0101\u0161anas rada \u2013 jaunajos p\u0113tniekos. Divu dienu programm\u0101 notiks devi\u0146as intervijas ar da\u017e\u0101du jomu jaunajiem zin\u0101tniekiem, k\u0101 [&hellip;]<\/p>","protected":false},"author":12,"featured_media":7446,"comment_status":"closed","ping_status":"closed","sticky":false,"template":"","format":"standard","meta":{"_acf_changed":false,"footnotes":""},"categories":[161],"tags":[],"class_list":["post-7445","post","type-post","status-publish","format-standard","has-post-thumbnail","hentry","category-pasakumi-aktualitates"],"acf":[],"_links":{"self":[{"href":"https:\/\/jauniezinatnieki.lv\/en\/wp-json\/wp\/v2\/posts\/7445","targetHints":{"allow":["GET"]}}],"collection":[{"href":"https:\/\/jauniezinatnieki.lv\/en\/wp-json\/wp\/v2\/posts"}],"about":[{"href":"https:\/\/jauniezinatnieki.lv\/en\/wp-json\/wp\/v2\/types\/post"}],"author":[{"embeddable":true,"href":"https:\/\/jauniezinatnieki.lv\/en\/wp-json\/wp\/v2\/users\/12"}],"replies":[{"embeddable":true,"href":"https:\/\/jauniezinatnieki.lv\/en\/wp-json\/wp\/v2\/comments?post=7445"}],"version-history":[{"count":2,"href":"https:\/\/jauniezinatnieki.lv\/en\/wp-json\/wp\/v2\/posts\/7445\/revisions"}],"predecessor-version":[{"id":7448,"href":"https:\/\/jauniezinatnieki.lv\/en\/wp-json\/wp\/v2\/posts\/7445\/revisions\/7448"}],"wp:featuredmedia":[{"embeddable":true,"href":"https:\/\/jauniezinatnieki.lv\/en\/wp-json\/wp\/v2\/media\/7446"}],"wp:attachment":[{"href":"https:\/\/jauniezinatnieki.lv\/en\/wp-json\/wp\/v2\/media?parent=7445"}],"wp:term":[{"taxonomy":"category","embeddable":true,"href":"https:\/\/jauniezinatnieki.lv\/en\/wp-json\/wp\/v2\/categories?post=7445"},{"taxonomy":"post_tag","embeddable":true,"href":"https:\/\/jauniezinatnieki.lv\/en\/wp-json\/wp\/v2\/tags?post=7445"}],"curies":[{"name":"wp","href":"https:\/\/api.w.org\/{rel}","templated":true}]}}