{"id":7461,"date":"2025-06-26T12:02:30","date_gmt":"2025-06-26T09:02:30","guid":{"rendered":"https:\/\/jauniezinatnieki.lv\/?p=7461"},"modified":"2025-06-26T16:29:42","modified_gmt":"2025-06-26T13:29:42","slug":"jaunie-zinatnieki-doma-leni-uz-pasaules-mazakas-skatuves","status":"publish","type":"post","link":"https:\/\/jauniezinatnieki.lv\/en\/jaunie-zinatnieki-doma-leni-uz-pasaules-mazakas-skatuves\/","title":{"rendered":"Jaunie zin\u0101tnieki:\u00a0\u201cDom\u0101 l\u0113ni\u201d uz Pasaules maz\u0101k\u0101s skatuves"},"content":{"rendered":"<div data-elementor-type=\"wp-post\" data-elementor-id=\"7461\" class=\"elementor elementor-7461\" data-elementor-post-type=\"post\">\n\t\t\t\t<div class=\"elementor-element elementor-element-4d1f9a35 e-flex e-con-boxed e-con e-parent\" data-id=\"4d1f9a35\" data-element_type=\"container\">\n\t\t\t\t\t<div class=\"e-con-inner\">\n\t\t\t\t<div class=\"elementor-element elementor-element-1a5c6e8e elementor-widget elementor-widget-text-editor\" data-id=\"1a5c6e8e\" data-element_type=\"widget\" data-widget_type=\"text-editor.default\">\n\t\t\t\t<div class=\"elementor-widget-container\">\n\t\t\t<style>\/*! elementor - v3.22.0 - 17-06-2024 *\/\n.elementor-widget-text-editor.elementor-drop-cap-view-stacked .elementor-drop-cap{background-color:#69727d;color:#fff}.elementor-widget-text-editor.elementor-drop-cap-view-framed .elementor-drop-cap{color:#69727d;border:3px solid;background-color:transparent}.elementor-widget-text-editor:not(.elementor-drop-cap-view-default) .elementor-drop-cap{margin-top:8px}.elementor-widget-text-editor:not(.elementor-drop-cap-view-default) .elementor-drop-cap-letter{width:1em;height:1em}.elementor-widget-text-editor .elementor-drop-cap{float:left;text-align:center;line-height:1;font-size:50px}.elementor-widget-text-editor .elementor-drop-cap-letter{display:inline-block}<\/style>\t\t\t\t<p><span style=\"font-weight: 400;\">No 20.06. l\u012bdz 21.06. <\/span><b>Latvijas Jauno zin\u0101tnieku apvien\u012bba (association)<\/b><span style=\"font-weight: 400;\"> (LJZA) piedal\u012bj\u0101s sarunu festiv\u0101l\u0101 LAMPA, turpinot iepriek\u0161\u0113jos gados aizs\u0101kto konceptu \u201cDom\u0101 l\u0113ni\u201d. \u0160aj\u0101s dien\u0101s Pasaules maz\u0101k\u0101 skatuve (skatuve Nr. 2.), kuras idejas autore ir LJZA valdes locekle <\/span><b>Rasma P\u012bpi\u0137e<\/b><span style=\"font-weight: 400;\">,<\/span> <span style=\"font-weight: 400;\">p\u0101rtapa par telpu, kur domas k\u013cuva dzi\u013c\u0101kas un sarunas \u2013 noz\u012bm\u012bg\u0101kas. Ideja par \u201cDom\u0101 l\u0113ni\u201d konceptu rad\u0101s, diskut\u0113jot par v\u0113st\u012bjumu, ko LJZA v\u0113las nodot sabiedr\u012bbai. Iedvesmojoties no psihologa un Nobela pr\u0113mijas laure\u0101ta ekonomik\u0101 (2002) Daniela K\u0101nemana (Daniel Kahneman) gr\u0101matas \u201cDom\u0101 \u0101tri, dom\u0101 l\u0113n\u0101m\u201d, kur\u0101 vi\u0146\u0161 apraksta divas dom\u0101\u0161anas sist\u0113mas \u2012 \u0101tro jeb impuls\u012bvo un intuit\u012bvo un l\u0113no jeb apzin\u0101to un stuktur\u0113to \u2012, non\u0101c\u0101m pie koncepta par \u201cDom\u0101 l\u0113ni\u201d k\u0101 vadmot\u012bva izv\u0113li. Ar\u012b \u0161ogad \u0161is vadmot\u012bvs iedvesmoja uz mier\u012bgu un j\u0113gpilnu skatienu zin\u0101tn\u0113, sabiedr\u012bb\u0101 un m\u016bsos pa\u0161os.<\/span><\/p><p><span style=\"font-weight: 400;\">Pasaules maz\u0101ko skatuviatkl\u0101ja LJZA valdes priek\u0161s\u0113d\u0113t\u0101js <\/span><b>Oskars Teikmanis<\/b><span style=\"font-weight: 400;\"> un Latvijas Zin\u0101tnes padomes direktore <\/span><b>Lauma Mui\u017eniece<\/b><span style=\"font-weight: 400;\">, kura v\u0113rsa uzman\u012bbu, ka nereti v\u0113lamies att\u012bst\u012bbu \u0101tri, bet tie\u0161i lietas, kas ir labi p\u0101rdom\u0101tas ir t\u0101s, kas att\u012bsta progresu.<\/span><\/p><p><span style=\"font-weight: 400;\">T\u0101l\u0101k intervij\u0101s, kuras vad\u012bja pedagogs un m\u016bzi\u0137is <\/span><b>Linards Kalni\u0146\u0161<\/b><span style=\"font-weight: 400;\">, \u017eurn\u0101liste un komunik\u0101cijas speci\u0101liste <\/span><b>Eva Gaigalniece<\/b><span style=\"font-weight: 400;\"> un p\u0113tniece <\/span><b>Daniela Godi\u0146a,<\/b><span style=\"font-weight: 400;\"> ar st\u0101stiem par savu zin\u0101tnes sf\u0113ru dal\u012bj\u0101s 8 jaunie zin\u0101tnieki:<\/span><\/p><p><b>Krist\u012bne \u0160neidere<\/b><span style=\"font-weight: 400;\"> \u2013 &#8220;Dom\u0101 l\u0113ni PAR DOM\u0100\u0160ANU&#8221;<\/span><\/p><p><b>Rasma P\u012bpi\u0137e<\/b><span style=\"font-weight: 400;\"> \u2013 &#8220;Dom\u0101 l\u0113ni PAR DZI\u013bO DA\u017d\u0100D\u012aBU&#8221;<\/span><\/p><p><b>D\u0101vis E\u0146\u0123elis<\/b><span style=\"font-weight: 400;\"> \u2013 &#8220;Dom\u0101 l\u0113ni PAR M\u016aZIKU&#8221;<\/span><\/p><p><b>Brigita Dejus<\/b><span style=\"font-weight: 400;\"> \u2013 &#8220;Dom\u0101 l\u0113ni PAR \u016aDENI&#8221;<\/span><\/p><p><b>Anna Stik\u0101ne<\/b><span style=\"font-weight: 400;\"> \u2013 &#8220;Dom\u0101 l\u0113ni PAR INOV\u0100CIJ\u0100M&#8221;<\/span><\/p><p><b>Eduards Ba\u0137is<\/b><span style=\"font-weight: 400;\"> \u2013 &#8220;Dom\u0101 l\u0113ni PAR \u0136\u012aMIJU&#8221;<\/span><\/p><p><b>J\u0101nis Lazovskis<\/b><span style=\"font-weight: 400;\"> \u2013 &#8220;Dom\u0101 l\u0113ni PAR CIPARIEM&#8221;<\/span><\/p><p><b>Tatjana Pladere<\/b><span style=\"font-weight: 400;\"> \u2013 &#8220;Dom\u0101 l\u0113ni PAR SAVU REDZI&#8221;<\/span><\/p><p><span style=\"font-weight: 400;\">Interviju galvenais m\u0113r\u0137is bija atkl\u0101t ne tikai jauno zin\u0101tnieku p\u0113t\u012bjumu b\u016bt\u012bbu un skaidrot to lietder\u012bbu un izmanto\u0161anas iesp\u0113ju cilv\u0113kiem un sabiedr\u012bbai, bet ar\u012b atkl\u0101t \u0161os cilv\u0113kus k\u0101 person\u012bbas un vi\u0146u personisko ce\u013cu zin\u0101tn\u0113 k\u0101 cilv\u0113kiem, kas zin\u0101tni izv\u0113l\u0113ju\u0161ies par savu dz\u012bvi.\u00a0<\/span><\/p><p><span style=\"font-weight: 400;\">LJZA aicin\u0101ja dom\u0101t l\u0113ni ar\u012b par neveiksm\u0113m \u2014 nevis k\u0101 par \u0161\u0137\u0113r\u0161\u013ciem, bet k\u0101 par neat\u0146emamu st\u0101sta, kas ved uz izaugsmi un atkl\u0101jumiem, da\u013cu. Jauno\u00a0 zin\u0101tnieku \u012bsrunu maraton\u0101 \u201cK\u0101 veiksm\u012bgi izg\u0101zties?\u201d, kuru vad\u012bja LJZA valdes loceklis un zin\u0101tnisk\u0101 instit\u016bta \u201cBior\u201d p\u0113tnieks <\/span><b>Ingus P\u0113rkons<\/b><span style=\"font-weight: 400;\">, septi\u0146i zin\u0101tnieki no da\u017e\u0101d\u0101m nozar\u0113m dal\u012bj\u0101s ar saviem neparast\u0101kajiem piedz\u012bvojumiem un k\u013c\u016bmju st\u0101stiem \u2014 reiz\u0113m smiekl\u012bgiem, reiz\u0113m p\u0101rdom\u0101m bag\u0101tiem, bet vienm\u0113r iedvesmojo\u0161iem:<\/span><\/p><p><b>Anitra Z\u012ble<\/b><span style=\"font-weight: 400;\"> \u2013 Par mikroskopiskiem kariem, kas izgl\u0101ba pasauli<\/span><\/p><p><b>Rihards Ruska<\/b><span style=\"font-weight: 400;\"> \u2013 Par hronisku disert\u0101ciju<\/span><\/p><p><b>Evija Mir\u0137e<\/b><span style=\"font-weight: 400;\"> \u2013 Bez labas komandas un neatlaid\u012bbas var\u0113ja nesan\u0101kt<\/span><\/p><p><b>Aina Semjonova<\/b><span style=\"font-weight: 400;\"> \u2013 Par \u201cnekas nesan\u0101k\u201d<\/span><\/p><p><b>R\u016bdolfs Rubenis<\/b><span style=\"font-weight: 400;\"> \u2013 Par veiksm\u012bgo, bet k\u013c\u016bdaino uzst\u0101\u0161anos pirm\u0101 starptautisk\u0101 konferenc\u0113<\/span><\/p><p><b>Daniela Godi\u0146a<\/b><span style=\"font-weight: 400;\"> \u2013 Par m\u016b\u017e\u012bgo vaininieku<\/span><\/p><p><b>M\u0101rti\u0146\u0161 Pri\u010dins<\/b><span style=\"font-weight: 400;\"> \u2013 Par iesp\u0113j\u0101m un drosmi<\/span><\/p><p><span style=\"font-weight: 400;\">Nosl\u0113gum\u0101 sadarb\u012bb\u0101 ar <\/span><b>Francijas instit\u016btu Latvij\u0101 <\/b><span style=\"font-weight: 400;\">notika starptautiska pane\u013cdiskusija \u2013 \u201cDom\u0101 l\u0113ni | Science contribution to society, perspectives between France and Latvia\u201d, kuru vad\u012bja LJZA valdes priek\u0161s\u0113d\u0113t\u0101js <\/span><b>Oskars Teikmanis. <\/b><span style=\"font-weight: 400;\">Sarun\u0101 piedal\u012bj\u0101s LU asoci\u0113tais profesors un zin\u0101t\u0146u prorektors <\/span><b>Guntars Kitenbergs<\/b><span style=\"font-weight: 400;\">, Ph. D. kandid\u0101te un Francijas v\u0113stniec\u012bbas promocijas stipendijas sa\u0146\u0113m\u0113ja <\/span><b>Lilija Du\u010dkena<\/b><span style=\"font-weight: 400;\"> un LU asoci\u0113tais profesors <\/span><b>Linards Gold\u0161teins<\/b><span style=\"font-weight: 400;\">. Diskusija atkl\u0101ja at\u0161\u0137ir\u012bbas studiju procesos Francij\u0101 un Latvij\u0101, izgaismoja da\u017e\u0101du cilv\u0113ku motiv\u0101ciju stud\u0113t \u0101rvalst\u012bs un \u013c\u0101va ieskat\u012bties vair\u0101kos b\u016btiskos aspektos, kas stud\u0113\u0161anu Francij\u0101 padara aizraujo\u0161u un veido unik\u0101lu cilv\u0113ka pieredzi, kas patiesi noder atgrie\u017eoties Latvij\u0101.<\/span><\/p><p><span style=\"font-weight: 400;\">Latvijas Jauno zin\u0101tnieku apvien\u012bba saka lielu paldies saviem atbalst\u012bt\u0101jiem par sarun\u0101m:<\/span><\/p><p><b>Sanitai Putni\u0146ai<\/b><span style=\"font-weight: 400;\"> (biedr\u012bba \u201cRado\u0161\u0101s idejas\u201d) \u2013 \u201cDom\u0101 l\u0113ni par rado\u0161umu un p\u0101rdom\u0101m\u201d<\/span><\/p><p><b>M\u0101rim B\u016bmanim<\/b><span style=\"font-weight: 400;\"> (A\/S Latvijas Finieris) \u2013 \u201cDom\u0101 l\u0113ni par l\u0113mumiem\u201d<\/span><\/p><p><b>J\u0101nim Ru\u0161ko<\/b><span style=\"font-weight: 400;\"> (Valsts zin\u0101tniskais instit\u016bts BIOR ) \u2013 &#8220;Dom\u0101 l\u0113ni par riskiem&#8221;<\/span><\/p><p><b>Kristi\u0101nam H\u0161\u010danovi\u010dam<\/b><span style=\"font-weight: 400;\"> (SIA Astra Med) \u2013 \u201cDom\u0101 l\u0113ni par troksni\u201d<\/span><\/p><p><span style=\"font-weight: 400;\">Pas\u0101kumu atbalst\u012bja Latvijas Finieris, SIA AstraMed Baltic, Valsts zin\u0101tniskais instit\u016bts BIOR, Latvijas Hidroekolo\u0123ijas instit\u016bts, Latvijas EFSA Fok\u0101lais punkts, Seik O\u00dc (Izdev\u0113js SEIK), Dobeles dzirnavnieks, Radio SWH, Institut Fran\u00e7ais de Lettonie \/ Francijas instit\u016bts Latvij\u0101 un JCDecaux Latvija un person\u012bgi <\/span><b>Ilze Dimante.<\/b><\/p><p><span style=\"font-weight: 400;\">LJZA izsaka sirsn\u012bgu paldies <\/span><b>\u0100rim Birzem<\/b><span style=\"font-weight: 400;\"> (<\/span><b>Show and Tell.lv<\/b><span style=\"font-weight: 400;\">) un vi\u0146a komandai par ilgsto\u0161u sadarb\u012bbu laba kadra un kvalitat\u012bva ierakstu materi\u0101la veido\u0161an\u0101\u00a0 un tehnisko atbalstu pas\u0101kuma film\u0113\u0161an\u0101 un tie\u0161raides nodro\u0161in\u0101\u0161an\u0101.<\/span><\/p><p><span style=\"font-weight: 400;\">Paldies ik katram LJZA biedram, kur\u0161 iesaist\u012bj\u0101s Pasaules maz\u0101k\u0101s skatuves tap\u0161an\u0101, interviju vad\u012b\u0161an\u0101 un soci\u0101lo t\u012bklu satura veido\u0161an\u0101, bet \u012bpa\u0161i paldies vado\u0161ajai p\u0113tniecei <\/span><b>Krist\u012bnei Meilei<\/b><span style=\"font-weight: 400;\">, kura sniedza lielu atbalstu veidojot saturu un piesaistot m\u016bsu izcilos run\u0101t\u0101jus.<\/span><\/p><p><span style=\"font-weight: 400;\">Paldies visiem dal\u012bbniekiem, klaus\u012bt\u0101jiem un atbalst\u012bt\u0101jiem! M\u0113s zin\u0101j\u0101m, lai izprastu pasauli, nav j\u0101run\u0101 ska\u013c\u0101k, bet j\u0101dom\u0101 l\u0113n\u0101k\u00a0 ar skatu n\u0101kotn\u0113.<\/span><\/p><p><span style=\"font-weight: 400;\">Projektu atbalsta Eiropas Savien\u012bbas p\u0113tniec\u012bbas un inov\u0101cijas programmas \u201cApv\u0101rsnis Eiropa\u201d projekta ARENAS (Analysis of and Responses to Extremist Narratives), kuru Latvij\u0101 \u012bsteno biedr\u012bba \u201cRado\u0161\u0101s Idejas\u201d saska\u0146\u0101 ar granta l\u012bgumu Nr.101094731.<br \/><br \/>Fotogr\u0101fijas iesp\u0113jams apl\u016bkot <a href=\"https:\/\/www.facebook.com\/share\/p\/16wy2L6aNZ\/\">\u0161eit<\/a>.\u00a0<\/span><\/p>\t\t\t\t\t\t<\/div>\n\t\t\t\t<\/div>\n\t\t\t\t\t<\/div>\n\t\t\t\t<\/div>\n\t\t\t\t<\/div>","protected":false},"excerpt":{"rendered":"<p>No 20.06. l\u012bdz 21.06. Latvijas Jauno zin\u0101tnieku apvien\u012bba (LJZA) piedal\u012bj\u0101s sarunu festiv\u0101l\u0101 LAMPA, turpinot iepriek\u0161\u0113jos gados aizs\u0101kto konceptu \u201cDom\u0101 l\u0113ni\u201d. \u0160aj\u0101s dien\u0101s Pasaules maz\u0101k\u0101 skatuve (skatuve Nr. 2.), kuras idejas autore ir LJZA valdes locekle Rasma P\u012bpi\u0137e, p\u0101rtapa par telpu, kur domas k\u013cuva dzi\u013c\u0101kas un sarunas \u2013 noz\u012bm\u012bg\u0101kas. Ideja par \u201cDom\u0101 l\u0113ni\u201d konceptu rad\u0101s, diskut\u0113jot [&hellip;]<\/p>","protected":false},"author":12,"featured_media":7508,"comment_status":"closed","ping_status":"closed","sticky":false,"template":"","format":"standard","meta":{"_acf_changed":false,"footnotes":""},"categories":[161],"tags":[],"class_list":["post-7461","post","type-post","status-publish","format-standard","has-post-thumbnail","hentry","category-pasakumi-aktualitates"],"acf":[],"_links":{"self":[{"href":"https:\/\/jauniezinatnieki.lv\/en\/wp-json\/wp\/v2\/posts\/7461","targetHints":{"allow":["GET"]}}],"collection":[{"href":"https:\/\/jauniezinatnieki.lv\/en\/wp-json\/wp\/v2\/posts"}],"about":[{"href":"https:\/\/jauniezinatnieki.lv\/en\/wp-json\/wp\/v2\/types\/post"}],"author":[{"embeddable":true,"href":"https:\/\/jauniezinatnieki.lv\/en\/wp-json\/wp\/v2\/users\/12"}],"replies":[{"embeddable":true,"href":"https:\/\/jauniezinatnieki.lv\/en\/wp-json\/wp\/v2\/comments?post=7461"}],"version-history":[{"count":5,"href":"https:\/\/jauniezinatnieki.lv\/en\/wp-json\/wp\/v2\/posts\/7461\/revisions"}],"predecessor-version":[{"id":7513,"href":"https:\/\/jauniezinatnieki.lv\/en\/wp-json\/wp\/v2\/posts\/7461\/revisions\/7513"}],"wp:featuredmedia":[{"embeddable":true,"href":"https:\/\/jauniezinatnieki.lv\/en\/wp-json\/wp\/v2\/media\/7508"}],"wp:attachment":[{"href":"https:\/\/jauniezinatnieki.lv\/en\/wp-json\/wp\/v2\/media?parent=7461"}],"wp:term":[{"taxonomy":"category","embeddable":true,"href":"https:\/\/jauniezinatnieki.lv\/en\/wp-json\/wp\/v2\/categories?post=7461"},{"taxonomy":"post_tag","embeddable":true,"href":"https:\/\/jauniezinatnieki.lv\/en\/wp-json\/wp\/v2\/tags?post=7461"}],"curies":[{"name":"wp","href":"https:\/\/api.w.org\/{rel}","templated":true}]}}