{"id":7520,"date":"2025-07-10T10:49:53","date_gmt":"2025-07-10T07:49:53","guid":{"rendered":"https:\/\/jauniezinatnieki.lv\/?p=7520"},"modified":"2025-12-21T21:46:54","modified_gmt":"2025-12-21T18:46:54","slug":"aizvadita-ljza-julija-atklata-valdes-sede","status":"publish","type":"post","link":"https:\/\/jauniezinatnieki.lv\/en\/aizvadita-ljza-julija-atklata-valdes-sede\/","title":{"rendered":"Aizvad\u012bta LJZA j\u016blija atkl\u0101t\u0101 valdes s\u0113de"},"content":{"rendered":"<p>2025. gada 8. j\u016blij\u0101 norisin\u0101j\u0101s Latvijas Jauno zin\u0101tnieku apvien\u012bbas (LJZA) atkl\u0101t\u0101 valdes s\u0113de, kuru vad\u012bja valdes locekle Daniela Godi\u0146a. Valdes s\u0113d\u0113 mums pievienoj\u0101s Norv\u0113\u0123ijas zin\u0101tnes un tehnolo\u0123iju universit\u0101tes p\u0113tniece, Eurodoc ValDem (Eurodoc Ambassador Programme for Values and Democracy in European Research and Higher Education) programmas v\u0113stnese Zane \u0160ime, daloties ar pieredzi un p\u0101rdom\u0101m par demokr\u0101tijas un v\u0113rt\u012bbu nostiprin\u0101\u0161anu augst\u0101k\u0101s izgl\u012bt\u012bbas telp\u0101 Latvij\u0101 un Eirop\u0101.<\/p>\n<p><strong>V\u0113rt\u012bbu un demokr\u0101tijas stiprin\u0101\u0161ana augst\u0101kaj\u0101 izgl\u012bt\u012bb\u0101<\/strong><br \/>\nZane \u0160ime, Eurodoc ValDem programmas dal\u012bbniece, iepaz\u012bstin\u0101ja ar savu pieredzi starptautisk\u0101 apm\u0101c\u012bbu cikl\u0101 un dal\u012bj\u0101s secin\u0101jumos par demokr\u0101tijas un v\u0113rt\u012bbu lomu augst\u0101kaj\u0101 izgl\u012bt\u012bb\u0101. Prezent\u0101cij\u0101 tika uzsv\u0113rta nepiecie\u0161am\u012bba veicin\u0101t p\u0101rdom\u0101tu pilsonisko akt\u012bvismu un akad\u0113miski atbild\u012bgu r\u012bc\u012bbu augstskolu vid\u0113.<br \/>\nZane aicin\u0101ja LJZA v\u0113rt\u0113t l\u012bdzdal\u012bbu un t\u0101s intensit\u0101ti da\u017e\u0101d\u0101s iniciat\u012bv\u0101s, \u012bpa\u0161i, ja iesaiste var ietekm\u0113t organiz\u0101cijas neatkar\u012bbu un reput\u0101ciju. Vi\u0146a uzsv\u0113ra, ka akad\u0113miskajai sabiedr\u012bbai j\u0101b\u016bt akt\u012bvai v\u0113rt\u012bbu un demokr\u0101tijas aizst\u0101v\u0113\u0161an\u0101, \u012bpa\u0161i kontekst\u0101 ar starptautiskajiem politiskajiem izaicin\u0101jumiem.<br \/>\nPrezent\u0101cij\u0101 tika piemin\u0113tas ar\u012b pozit\u012bv\u0101s iesaistes iesp\u0113jas, piem\u0113ram, ERANet programmas, kas sniedz atbalstu agr\u012bn\u0101s karjeras p\u0113tniekiem un veicina starptautisku sadarb\u012bbu.<\/p>\n<p><strong>Atskats uz notikumiem un aktivit\u0101t\u0113m ar LJZA dal\u012bbu<\/strong><br \/>\nValdes s\u0113d\u0113 p\u0101rrun\u0101j\u0101m p\u0113d\u0113jo ned\u0113\u013cu notikumus ar LJZA l\u012bdzdal\u012bbu:<br \/>\n11. j\u016bnij\u0101 Latvijas Universit\u0101tes Doktorant\u016bras skolas telp\u0101s notika publisk\u0101s runas un komunik\u0101cijas m\u0101c\u012bbas, kuras vad\u012bja runas m\u0101kslas pedago\u0123e Ilva Milzar\u0101ja;<br \/>\n18. j\u016bnij\u0101 tika izsludin\u0101ta pieteik\u0161an\u0101s Vasaras skolai 2025, inform\u0101cija public\u0113ta LJZA Facebook lap\u0101 un interenta vietn\u0113. Vasaras skola norisin\u0101sies no 14. l\u012bdz 17. Augustam. Dal\u012bbnieku pieteik\u0161an\u0101s ir nosl\u0113gusies un pa\u0161laik notiek dal\u012bbnieku atlase. \u0160ogad Vasaras skolai pieteiku\u0161ies liels skaits dal\u012bbnieku;<br \/>\n20.\u201321. j\u016bnij\u0101 LJZA piedal\u012bj\u0101s sarunu festiv\u0101l\u0101 LAMPA uz Pasaules maz\u0101k\u0101s skatuves, turpinot konceptu \u201cDom\u0101 l\u0113ni\u201d. Intervij\u0101s ar st\u0101stiem par savu zin\u0101tnes sf\u0113ru dal\u012bj\u0101s 8 jaunie zin\u0101tnieki, bet \u012bsrunu maraton\u0101 7 jaunie zin\u0101tnieki dal\u012bj\u0101s pieredz\u0113 \u201cK\u0101 veiksm\u012bgi izg\u0101zties\u201d. Atskats ar bil\u017eu galeriju apskat\u0101ms LJZA Facebook lap\u0101 un interenta vietn\u0113;<br \/>\n3. j\u016blij\u0101 notika neform\u0101ls tiklo\u0161an\u0101s pas\u0101kums \u201dZin\u0101tnes pusstops\u201d sadarb\u012bb\u0101 ar organiz\u0101ciju \u201cAr pasaules pieredzi Latvij\u0101\u201d, p\u0113c \u0161\u012b pa\u0161akuma LJZA pievienoj\u0101s jauni biedri;<br \/>\n10. j\u016blij\u0101 LJZA piedal\u012bsies divos pas\u0101kumos: R\u012bgas Stradi\u0146a universit\u0101tes r\u012bkotaj\u0101 diskusij\u0101 \u201cEmpowering early career researchers in Latvia: The experience of the Latvian Association of Young Researchers\u201d, kas notika Eiropas Sociolo\u0123ijas p\u0113t\u012bjumu konferences (ESRS 2025) sagatavo\u0161an\u0101s ietvaros, un Pasaules latvie\u0161u ekonomikas un inov\u0101cijas forum\u0101 (World Latvian Economic and Innovation Forum).<\/p>\n<p><strong>Citas aktualit\u0101tes<\/strong><br \/>\nS\u0113d\u0113 tika p\u0101rrun\u0101tas ar\u012b iesp\u0113jas, sadarb\u012bb\u0101 ar Lietuvas jauno zin\u0101tnieku apvien\u012bbu \u012bstenot sociolo\u0123isku p\u0113t\u012bjumu par doktorant\u016bras situ\u0101ciju Baltijas valst\u012bs.<\/p>\n<p>Atkl\u0101t\u0101s s\u0113des laik\u0101 ar lielu prieku iepazin\u0101mies ar\u012b ar trim jaunajiem biedriem, kuri turpm\u0101k papildin\u0101s LJZA kopienu ar savu pieredzi un entuziasmu.<\/p>\n<p>LJZA turpina m\u0113r\u0137tiec\u012bgu darbu, veicinot jauno zin\u0101tnieku intere\u0161u p\u0101rst\u0101v\u012bbu, sadarb\u012bbu un profesion\u0101lo att\u012bst\u012bbu gan viet\u0113j\u0101, gan starptautisk\u0101 l\u012bmen\u012b. Aicin\u0101m sekot l\u012bdzi jaunumiem apvien\u012bbas interneta vietn\u0113 un soci\u0101lajos t\u012bklos.<\/p>\n<hr \/>\n<p>&nbsp;<\/p>\n<p><em>Raksts ir sagatavots ar Sabiedr\u012bbas integr\u0101cijas fonda finansi\u0101lu atbalstu no Latvijas valsts bud\u017eeta l\u012bdzek\u013ciem. Par raksta saturu atbild Latvijas Jauno zin\u0101tnieku apvien\u012bba.<\/em><\/p>\n<p><img decoding=\"async\" class=\"alignnone size-full wp-image-7681\" src=\"https:\/\/jauniezinatnieki.lv\/wp-content\/uploads\/2025\/10\/SIF-logo.png\" alt=\"\" width=\"86\" height=\"74\" \/><\/p>","protected":false},"excerpt":{"rendered":"<p>2025. gada 8. j\u016blij\u0101 norisin\u0101j\u0101s Latvijas Jauno zin\u0101tnieku apvien\u012bbas (LJZA) atkl\u0101t\u0101 valdes s\u0113de, kuru vad\u012bja valdes locekle Daniela Godi\u0146a. Valdes s\u0113d\u0113 mums pievienoj\u0101s Norv\u0113\u0123ijas zin\u0101tnes un tehnolo\u0123iju universit\u0101tes p\u0113tniece, Eurodoc ValDem (Eurodoc Ambassador Programme for Values and Democracy in European Research and Higher Education) programmas v\u0113stnese Zane \u0160ime, daloties ar pieredzi un p\u0101rdom\u0101m par demokr\u0101tijas [&hellip;]<\/p>","protected":false},"author":12,"featured_media":7469,"comment_status":"closed","ping_status":"closed","sticky":false,"template":"","format":"standard","meta":{"_acf_changed":false,"footnotes":""},"categories":[162],"tags":[],"class_list":["post-7520","post","type-post","status-publish","format-standard","has-post-thumbnail","hentry","category-zinas"],"acf":[],"_links":{"self":[{"href":"https:\/\/jauniezinatnieki.lv\/en\/wp-json\/wp\/v2\/posts\/7520","targetHints":{"allow":["GET"]}}],"collection":[{"href":"https:\/\/jauniezinatnieki.lv\/en\/wp-json\/wp\/v2\/posts"}],"about":[{"href":"https:\/\/jauniezinatnieki.lv\/en\/wp-json\/wp\/v2\/types\/post"}],"author":[{"embeddable":true,"href":"https:\/\/jauniezinatnieki.lv\/en\/wp-json\/wp\/v2\/users\/12"}],"replies":[{"embeddable":true,"href":"https:\/\/jauniezinatnieki.lv\/en\/wp-json\/wp\/v2\/comments?post=7520"}],"version-history":[{"count":2,"href":"https:\/\/jauniezinatnieki.lv\/en\/wp-json\/wp\/v2\/posts\/7520\/revisions"}],"predecessor-version":[{"id":8046,"href":"https:\/\/jauniezinatnieki.lv\/en\/wp-json\/wp\/v2\/posts\/7520\/revisions\/8046"}],"wp:featuredmedia":[{"embeddable":true,"href":"https:\/\/jauniezinatnieki.lv\/en\/wp-json\/wp\/v2\/media\/7469"}],"wp:attachment":[{"href":"https:\/\/jauniezinatnieki.lv\/en\/wp-json\/wp\/v2\/media?parent=7520"}],"wp:term":[{"taxonomy":"category","embeddable":true,"href":"https:\/\/jauniezinatnieki.lv\/en\/wp-json\/wp\/v2\/categories?post=7520"},{"taxonomy":"post_tag","embeddable":true,"href":"https:\/\/jauniezinatnieki.lv\/en\/wp-json\/wp\/v2\/tags?post=7520"}],"curies":[{"name":"wp","href":"https:\/\/api.w.org\/{rel}","templated":true}]}}