{"id":7541,"date":"2025-08-26T12:11:46","date_gmt":"2025-08-26T09:11:46","guid":{"rendered":"https:\/\/jauniezinatnieki.lv\/?p=7541"},"modified":"2025-12-21T21:34:46","modified_gmt":"2025-12-21T18:34:46","slug":"aizvadita-ljza-vasaras-skola-2025-komunikacija-parvaldiba-etika","status":"publish","type":"post","link":"https:\/\/jauniezinatnieki.lv\/en\/aizvadita-ljza-vasaras-skola-2025-komunikacija-parvaldiba-etika\/","title":{"rendered":"Aizvad\u012bta LJZA vasaras skola 2025 \u201cKomunik\u0101cija, p\u0101rvald\u012bba, \u0113tika\u201d"},"content":{"rendered":"<p><span style=\"font-weight: 400;\">Latvijas Jauno zin\u0101tnieku apvien\u012bbas (LJZA) Vasaras skola 2025 norisin\u0101j\u0101s no 2025. gada 14. l\u012bdz 17. augustam viesu nam\u0101 &#8220;Mauri\u0146i&#8221; un pulc\u0113ja jaunos p\u0113tniekus un doktorantus no visas Latvijas, lai veicin\u0101tu sadarb\u012bbu, dal\u012btos pieredz\u0113 un ieg\u016btu jaunas prasmes un zin\u0101\u0161anas. Vasaras skola ir ikgad\u0113js notikums un t\u0101s m\u0113r\u0137is ir stiprin\u0101t jauno zin\u0101tnieku kompetences un starpdisciplin\u0101ru sadarb\u012bbu, vienlaikus att\u012bstot l\u012bder\u012bbas, komunik\u0101cijas un p\u0101rvald\u012bbas prasmes, k\u0101 ar\u012b \u0113tisko dom\u0101\u0161anu. \u0160ogad vasaras skola piev\u0113rs\u0101s t\u0101d\u0101m t\u0113m\u0101m k\u0101 valsts p\u0101rvaldes un zin\u0101tnes sadarb\u012bbai, zin\u0101tnes komunik\u0101cijai, projektu un p\u0113tniec\u012bbas datu p\u0101rvald\u012bbai, akad\u0113miskajam god\u012bgumam un labb\u016bt\u012bbai.<\/span><\/p>\n<h4 style=\"text-align: center;\"><b>14. augusts: Atkl\u0101\u0161ana un v\u0113rt\u012bbu uzst\u0101d\u012bjumi<\/b><\/h4>\n<p><span style=\"font-weight: 400;\">Vasaras skolu atkl\u0101ja LJZA valdes locekle un vasaras skolas koordinatore <\/span><strong>Rasma P\u012bpi\u0137e<\/strong><span style=\"font-weight: 400;\">, uzsverot, ka \u0161ogad pas\u0101kuma organizatoriskais modelis bija unik\u0101ls, jo LJZA valde sadal\u012bja atbild\u012bbas un koordin\u0113ja saturu. Vi\u0146a iedro\u0161in\u0101ja jaunpien\u0101c\u0113jus iesaist\u012bties n\u0101kotnes vasaras skolu organiz\u0113\u0161an\u0101 un k\u013c\u016bt par akt\u012bviem LJZA biedriem. LJZA valdes priek\u0161s\u0113d\u0113t\u0101js<\/span> <strong>Oskars Teikmanis<\/strong><span style=\"font-weight: 400;\"> sav\u0101 atkl\u0101\u0161anas uzrun\u0101 uzsv\u0113ra, ka LJZA ir ne tikai atbalsts doktorantiem un p\u0113tniekiem, bet ar\u012b konstrukt\u012bvs sadarb\u012bbas partneris valsts p\u0101rvaldes iest\u0101d\u0113m, un k\u0101 kopiena ir patiesi atbalsto\u0161a.<\/span><\/p>\n<p><span style=\"font-weight: 400;\">Saeimas priek\u0161s\u0113d\u0113t\u0101jas biedre <\/span><b>Zanda Kalni\u0146a-Luka\u0161evica<\/b><span style=\"font-weight: 400;\"> pauda p\u0101rliec\u012bbu, ka zin\u0101tne ir valsts ekonomisk\u0101s att\u012bst\u012bbas pamats, ja vien starp valsti un zin\u0101tni ir veiksm\u012bgs dialogs. Vi\u0146a uzsv\u0113ra zin\u0101tnes potenci\u0101lu valsts att\u012bst\u012bb\u0101 un aicin\u0101ja uz atv\u0113rtu komunik\u0101ciju starp p\u0113tniekiem un l\u0113mumu pie\u0146\u0113m\u0113jiem. Nevar noliegt, ka ar\u012b Zanda ir tuvu st\u0101vo\u0161a zin\u0101tnes nozarei un izcili p\u0101rzina jauno zin\u0101tnieku vajadz\u012bbas.<\/span><\/p>\n<p><span style=\"font-weight: 400;\">Valsts kancelejas Valsts p\u0101rvaldes politikas departamenta konsultante <\/span><b>Dace Jansone<\/b><span style=\"font-weight: 400;\"> nor\u0101d\u012bja uz nepiecie\u0161am\u012bbu uzlabot sadarb\u012bbu starp valsts p\u0101rvaldes iest\u0101d\u0113m un zin\u0101tniskaj\u0101m instit\u016bcij\u0101m, \u012bpa\u0161i datos balst\u012btas r\u012bc\u012bbpolitikas veido\u0161an\u0101. Vi\u0146a uzsv\u0113ra, ka nepiecie\u0161ams att\u012bst\u012bt zin\u0101\u0161anu p\u0101rneses prasmes, veidot stabilu komunik\u0101cijas platformu un uzlabot iepirkumu proced\u016bras, kas \u013cauj izmantot akad\u0113miskos resursus piln\u0101 m\u0113r\u0101. Vi\u0146as prezent\u0101cij\u0101 \u012bpa\u0161i tika uzsv\u0113rta nepiecie\u0161am\u012bba stiprin\u0101t zin\u0101tnes un politikas saskari, veidojot p\u0113tniec\u012bbas atbalsta strukt\u016bras un konsultat\u012bv\u0101s padomes.<\/span><\/p>\n<p><span style=\"font-weight: 400;\">Latvijas Universit\u0101tes profesors <\/span><b>M\u0101rcis Auzi\u0146\u0161<\/b><span style=\"font-weight: 400;\"> sav\u0101 uzrun\u0101 &#8220;\u0160auri specializ\u0113ties ir slikti!&#8221; mudin\u0101ja izvair\u012bties no p\u0101rlieku \u0161auras specializ\u0101cijas zin\u0101tn\u0113. Vi\u0146\u0161 apl\u016bkoja inform\u0101cijas p\u0101rbag\u0101t\u012bbas laikmetu un nepiecie\u0161am\u012bbu att\u012bst\u012bt gan prec\u012bzu dom\u0101\u0161anu, gan sp\u0113ju just un saprast cilv\u0113kus. Vi\u0146\u0161 uzsv\u0113ra, ka izcil\u012bba nebalst\u0101s tikai datos, bet ar\u012b izpratn\u0113 un emp\u0101tij\u0101. M\u0101rcis Auzi\u0146\u0161 aicin\u0101ja b\u016bt atv\u0113rtiem da\u017e\u0101d\u012bbai, m\u0101c\u012bties no citu pieredzes un apvienot da\u017e\u0101dus skatupunktus, lai rastu j\u0113gpilnus risin\u0101jumus m\u016bsdienu sabiedr\u012bbas izaicin\u0101jumiem. Vi\u0146\u0161 min\u0113ja ar\u012b m\u0101ksl\u012bg\u0101 intelekta izaicin\u0101jumus un atg\u0101din\u0101ja par cilv\u0113ka unikalit\u0101ti \u2013 sp\u0113ju rad\u012bt jauno.<\/span><\/p>\n<p style=\"text-align: center;\"><img fetchpriority=\"high\" decoding=\"async\" class=\"wp-image-7554 aligncenter\" src=\"https:\/\/jauniezinatnieki.lv\/wp-content\/uploads\/2025\/08\/aa01ec10-1bbc-450b-bb13-d4d020b96d82-scaled.jpg\" alt=\"\" width=\"548\" height=\"365\" srcset=\"https:\/\/jauniezinatnieki.lv\/wp-content\/uploads\/2025\/08\/aa01ec10-1bbc-450b-bb13-d4d020b96d82-scaled.jpg 2048w, https:\/\/jauniezinatnieki.lv\/wp-content\/uploads\/2025\/08\/aa01ec10-1bbc-450b-bb13-d4d020b96d82-360x240.jpg 360w, https:\/\/jauniezinatnieki.lv\/wp-content\/uploads\/2025\/08\/aa01ec10-1bbc-450b-bb13-d4d020b96d82-1024x682.jpg 1024w, https:\/\/jauniezinatnieki.lv\/wp-content\/uploads\/2025\/08\/aa01ec10-1bbc-450b-bb13-d4d020b96d82-768x512.jpg 768w, https:\/\/jauniezinatnieki.lv\/wp-content\/uploads\/2025\/08\/aa01ec10-1bbc-450b-bb13-d4d020b96d82-1536x1023.jpg 1536w, https:\/\/jauniezinatnieki.lv\/wp-content\/uploads\/2025\/08\/aa01ec10-1bbc-450b-bb13-d4d020b96d82-18x12.jpg 18w\" sizes=\"(max-width: 548px) 100vw, 548px\" \/><strong>Att\u0113l\u0101:<\/strong> Prof. M\u0101rcis Auzi\u0146\u0161<\/p>\n<h4 style=\"text-align: center;\"><b>15. augusts: Komunik\u0101cija un \u012bsrunu konkurss<\/b><\/h4>\n<p><span style=\"font-weight: 400;\">\u0160\u012b diena tika velt\u012bta komunik\u0101cijai zin\u0101tn\u0113 un zin\u0101tnes komunik\u0101cijai, un to moder\u0113ja LJZA valdes loceklis Ingus P\u0113rkons. Komunik\u0101cijas konsultante <\/span><b>Ieva Treija<\/b><span style=\"font-weight: 400;\">,<\/span><i><span style=\"font-weight: 400;\"> Labs of Latvia<\/span><\/i><span style=\"font-weight: 400;\">, iedro\u0161in\u0101ja p\u0101rdom\u0101t savas v\u0113rt\u012bbas un stipr\u0101s puses, k\u0101 ar\u012b izkopt sp\u0113ju veidot saisto\u0161u st\u0101stu par savu darbu. <\/span><b>Sandra Kropa<\/b><span style=\"font-weight: 400;\">, Latvijas Radio \u017eurn\u0101liste, vad\u012bja meistarklasi &#8220;Zin\u0101tne run\u0101 \u2013 no laboratorijas l\u012bdz zi\u0146u virsrakstiem&#8221;, kur\u0101 dal\u012bbnieki prezent\u0113ja savus p\u0113t\u012bjumus un sa\u0146\u0113ma padomus, k\u0101 veidot skaidru, auditorijai saprotamu un saisto\u0161u v\u0113st\u012bjumu. Savuk\u0101rt<\/span><b> Krist\u012bnes Tjarve <\/b><span style=\"font-weight: 400;\">sav\u0101 lekcij\u0101 &#8220;Zin\u0101tnieka personiskais z\u012bmols&#8221; pal\u012bdz\u0113ja izprast, k\u0101 veidot savu atpaz\u012bstam\u012bbu, struktur\u0113jot person\u012bgo st\u0101stu, izce\u013cot profesion\u0101l\u0101s un cilv\u0113cisk\u0101s v\u0113rt\u012bbas, k\u0101 ar\u012b veidojot uzticamu, ilgtermi\u0146\u0101 notur\u012bgu t\u0113lu sabiedr\u012bb\u0101.<\/span><\/p>\n<p><span style=\"font-weight: 400;\">Vakar\u0101 notika LJZA zin\u0101tnes \u012bsrunu konkurss, kuru vad\u012bja LJZA valdes locekle <\/span><b>Daniela Godi\u0146a<\/b><span style=\"font-weight: 400;\">. Konkursu ievad\u012bja iGEM komandas p\u0101rst\u0101vji <\/span><b>Timofejs Kok\u0161arovs<\/b><span style=\"font-weight: 400;\"> un<\/span><b> Alina Siva\u010dova<\/b><span style=\"font-weight: 400;\"> ar st\u0101st\u012bjumu par biolo\u0123iski sader\u012bgu kaze\u012bna sist\u0113mu apdegumu \u0101rst\u0113\u0161anai, izmantojot propolisu un bakteriof\u0101gus. Savuk\u0101rt p\u0113c tam sekoja LJZA p\u0101rst\u0101vju <\/span><b>Rasmas P\u012bpi\u0137es<\/b><span style=\"font-weight: 400;\"> un <\/span><b>Laimas Dances<\/b><span style=\"font-weight: 400;\"> \u012bsrunas, kuru m\u0113r\u0137is bija iedro\u0161in\u0101t konkursa dal\u012bbniekus.<\/span><\/p>\n<h6><strong>2025. gada \u012bsrunu konkurs\u0101 piedal\u012bj\u0101s:<\/strong><\/h6>\n<ol>\n<li style=\"font-weight: 400;\" aria-level=\"1\"><b>Inese D\u0101vidsone<\/b><span style=\"font-weight: 400;\"> \u2013 par ar\u0101bu literat\u016bras v\u0113sturi.<\/span><\/li>\n<li style=\"font-weight: 400;\" aria-level=\"1\"><b>Solvita Lodi\u0146a<\/b><span style=\"font-weight: 400;\"> \u2013 par kult\u016bras kompetenci person\u012bb\u0101, izgl\u012bt\u012bb\u0101, zin\u0101tn\u0113 un dz\u012bv\u0113, akcent\u0113jot struktur\u0101l\u0101s pieejas noz\u012bmi.<\/span><\/li>\n<li style=\"font-weight: 400;\" aria-level=\"1\"><b>Laima V\u012btoli\u0146a<\/b><span style=\"font-weight: 400;\"> \u2013 par re\u0101llaika rekomend\u0101ciju sist\u0113mu m\u016bzikas terapijai, kas balst\u0101s uz emociju atpaz\u012b\u0161anu dziesmu audio un tekstos.<\/span><\/li>\n<li style=\"font-weight: 400;\" aria-level=\"1\"><b>Marika Melne<\/b><span style=\"font-weight: 400;\"> \u2013 aktualiz\u0113ja apd\u0101vin\u0101to b\u0113rnu atbalsta tr\u016bkumu izgl\u012bt\u012bb\u0101, daloties ar savu pieredzi un m\u0113r\u0137i izveidot valsts l\u012bme\u0146a sist\u0113mu.<\/span><\/li>\n<li style=\"font-weight: 400;\" aria-level=\"1\"><b>Alina Siva\u010dova<\/b><span style=\"font-weight: 400;\"> \u2013 run\u0101ja par biezpiena s\u016bkalu valoriz\u0101ciju mikoprote\u012bna ieguvei, akcent\u0113jot biotehnolo\u0123iju noz\u012bmi p\u0101rtikas blakusproduktu p\u0101rstr\u0101d\u0113.<\/span><\/li>\n<li style=\"font-weight: 400;\" aria-level=\"1\"><b>Je\u013cena Djubina<\/b><span style=\"font-weight: 400;\"> \u2013 analiz\u0113ja noziedznieka person\u012bbas \u0123en\u0113zi postmodernaj\u0101 sabiedr\u012bb\u0101, integr\u0113jot juridisk\u0101s, psiholo\u0123isk\u0101s un sociolo\u0123isk\u0101s perspekt\u012bvas.<\/span><\/li>\n<li style=\"font-weight: 400;\" aria-level=\"1\"><b>Laura \u0136\u0113ni\u0146a<\/b><span style=\"font-weight: 400;\"> \u2013 iepaz\u012bstin\u0101ja ar p\u0113cdoktorant\u016bras p\u0113t\u012bjumu par vecu skujkoku aud\u017eu struktur\u0101lo dinamiku un biolo\u0123isko daudzveid\u012bbu.<\/span><\/li>\n<li style=\"font-weight: 400;\" aria-level=\"1\"><b>Kristi\u0101na Balode<\/b><span style=\"font-weight: 400;\"> \u2013 analiz\u0113ja darbasp\u0113ka tendences Latvijas inform\u0101cijas un komunik\u0101cijas tehnolo\u0123iju nozar\u0113, izmantojot Eiropas Komisijas projektu pieredzi.<\/span><\/li>\n<li style=\"font-weight: 400;\" aria-level=\"1\"><b>Elizabete Universa<\/b><span style=\"font-weight: 400;\"> \u2013 prezent\u0113ja p\u0101rtikas blakusproduktu biorafin\u0113\u0161anas iesp\u0113jas, uzsverot inov\u0101ciju noz\u012bmi ilgtsp\u0113j\u012bg\u0101 uz\u0146\u0113m\u0113jdarb\u012bb\u0101.<\/span><\/li>\n<li style=\"font-weight: 400;\" aria-level=\"1\"><b>Elizabete Skrebele<\/b><span style=\"font-weight: 400;\"> \u2013 ar aizraut\u012bbu st\u0101st\u012bja par elektronu eksotiku, ilustr\u0113jot fizik\u0101l\u0101s par\u0101d\u012bbas un to potenci\u0101lu.<\/span><\/li>\n<\/ol>\n<p><span style=\"font-weight: 400;\">Dal\u012bbnieku uzst\u0101\u0161an\u0101s bija daudzveid\u012bgas, atspogu\u013cojot pla\u0161u tematisko spektru. Skat\u012bt\u0101ji ar balsojumu noteica uzvar\u0113t\u0101ju, veicinot savstarp\u0113ju nov\u0113rt\u0113jumu un iedvesmu. 2025. gada Latvijas Jauno zin\u0101tnieku apvien\u012bbas \u012bsrunu konkurs\u0101 pirmo vietu ieguva <\/span><b>Inese D\u0101vidsone<\/b><span style=\"font-weight: 400;\">, Latvijas Universit\u0101tes doktorante, kura p\u0113ta ar\u0101bu literat\u016bras v\u0113sturi, Otro vietu ieguva <\/span><b>Elizabete Skrebele<\/b><span style=\"font-weight: 400;\">, R\u012bgas Tehnisk\u0101s universit\u0101tes ma\u0123istrant\u016bras studente, kuras p\u0113t\u012bjums ir saist\u012bts ar joniz\u0113jo\u0161\u0101 starojuma m\u0113r\u012bjumiem, un tre\u0161o vietu ieguva <\/span><b>Marika Melne<\/b><span style=\"font-weight: 400;\">, Latvijas Universit\u0101tes doktorante, kuras zin\u0101tnisk\u0101 t\u0113ma saist\u012bta ar apd\u0101vin\u0101tu b\u0113rnu izgl\u012bt\u012bbas specifiku. \u012asrunu konkursu atbalst\u012bja uz\u0146\u0113mums SIA \u201c<\/span><b>Kinetics Nails Latvia<\/b><span style=\"font-weight: 400;\">.\u201d Apsveicam uzvar\u0113t\u0101jas un paldies visiem run\u0101t\u0101jiem!\u00a0<\/span><\/p>\n<p><span style=\"font-weight: 400;\">Vakar\u0101 Vasaras skolas dal\u012bbnieki dev\u0101s eksped\u012bcij\u0101 uz karsta kriten\u0113m. P\u0101rg\u0101jiens izv\u0113rt\u0101s patiesi ekstr\u0113ms, jo da\u013ca g\u0101jiena bija gar ce\u013ca malu, kur satiksmes intensit\u0101te ce\u013ca remontu d\u0113\u013c ir b\u016btiski palielin\u0101jusies. Ta\u010du kop\u012bg\u0101 pastaiga sniedza iesp\u0113ju p\u0101rrun\u0101t dienas norises un veidot neform\u0101lo sadarb\u012bbu.\u00a0<\/span><\/p>\n<p style=\"text-align: center;\"><img decoding=\"async\" class=\"wp-image-7549 aligncenter\" src=\"https:\/\/jauniezinatnieki.lv\/wp-content\/uploads\/2025\/08\/96fc4953-ef9e-4229-b2bd-b8d39b1200e0-scaled.jpg\" alt=\"\" width=\"358\" height=\"478\" srcset=\"https:\/\/jauniezinatnieki.lv\/wp-content\/uploads\/2025\/08\/96fc4953-ef9e-4229-b2bd-b8d39b1200e0-scaled.jpg 1536w, https:\/\/jauniezinatnieki.lv\/wp-content\/uploads\/2025\/08\/96fc4953-ef9e-4229-b2bd-b8d39b1200e0-270x360.jpg 270w, https:\/\/jauniezinatnieki.lv\/wp-content\/uploads\/2025\/08\/96fc4953-ef9e-4229-b2bd-b8d39b1200e0-768x1024.jpg 768w, https:\/\/jauniezinatnieki.lv\/wp-content\/uploads\/2025\/08\/96fc4953-ef9e-4229-b2bd-b8d39b1200e0-1152x1536.jpg 1152w, https:\/\/jauniezinatnieki.lv\/wp-content\/uploads\/2025\/08\/96fc4953-ef9e-4229-b2bd-b8d39b1200e0-9x12.jpg 9w\" sizes=\"(max-width: 358px) 100vw, 358px\" \/><strong>\u012asrunu konkursa uzvar\u0113t\u0101jas<br \/>\n<\/strong><strong>Att\u0113l\u0101 no kreis\u0101s:<\/strong> Elizabete Skrebele, Inese D\u0101vidsone, Marika Melne<\/p>\n<h4 style=\"text-align: center;\"><b>16. augusts: P\u0101rvald\u012bba un \u0113tika<\/b><\/h4>\n<p style=\"text-align: left;\"><span style=\"font-weight: 400;\">Vasaras skolas tre\u0161\u0101 diena tika velt\u012bta trim b\u016btisk\u0101m t\u0113m\u0101m \u2013 akad\u0113miskajai \u0113tikai, p\u0113tniec\u012bbas projektu p\u0101rvald\u012bbai un jauno zin\u0101tnieku iesp\u0113j\u0101m p\u0113tniec\u012bbas projektos Latvij\u0101 un Eirop\u0101. P\u0101rvald\u012bbas sesiju moder\u0113ja LJZA valdes locekle <\/span><b>Aina Semjonova<\/b><span style=\"font-weight: 400;\">. Savuk\u0101rt \u0113tikas sesiju vad\u012bja LJZA valdes locekle <\/span><b>Laila Silami\u0137ele<\/b><span style=\"font-weight: 400;\">.<\/span><\/p>\n<h6><b>Latvijas Zin\u0101tnes padomes projektu iesp\u0113jas<\/b><\/h6>\n<p><span style=\"font-weight: 400;\">Latvijas Zin\u0101tnes padomes (LZP) Programmu un projektu anal\u012btikas noda\u013cas vad\u012bt\u0101js <\/span><b>Arnis Kokorevi\u010ds <\/b><span style=\"font-weight: 400;\">iepaz\u012bstin\u0101ja ar jauno zin\u0101tnieku iesp\u0113j\u0101m LZP p\u0113tniec\u012bbas projektos un programm\u0101s. Vi\u0146\u0161 izskaidroja at\u0161\u0137ir\u012bbas starp FLPP (fundament\u0101lo un lieti\u0161\u0137o p\u0113t\u012bjumu programma), VPP (Valsts p\u0113t\u012bjumu programma) un starptautiskajiem konkursiem. Lai ar\u012b jaunajiem zin\u0101tniekiem nav specifisku priek\u0161roc\u012bbu FLPP un VPP konkursos, tom\u0113r &#8220;P\u0113cdoktorant\u016bras programma&#8221; sniedz tie\u0161i jaunajiem zin\u0101tniekiem piem\u0113rotas iesp\u0113jas. Prezent\u0101cij\u0101 tika analiz\u0113ti ar\u012b sekm\u012bbas r\u0101d\u012bt\u0101ji, nor\u0101dot, ka jauno zin\u0101tnieku projekti bie\u017ei vien ir konkur\u0113tsp\u0113j\u012bgi, ta\u010du b\u016btiska ir kvalitat\u012bva pieteikuma sagatavo\u0161ana. Kokorevi\u010ds aicin\u0101ja izmantot LZP ekspertu ieteikumus un atgriezenisko saiti, kas pieejama LZP interneta vietn\u0113.<\/span><\/p>\n<h6><b>P\u0113tniec\u012bbas datu p\u0101rvald\u012bba Latvij\u0101<\/b><span style=\"font-weight: 400;\">\u00a0<\/span><\/h6>\n<p><span style=\"font-weight: 400;\">Vasaras skol\u0101 tika iek\u013cautas t\u0113mas par p\u0113tniec\u012bbas datu p\u0101rvald\u012bbu, tai skait\u0101 nacion\u0101lo datu repozitoriju DataverseLV, kas ir dro\u0161a un \u0113rta digit\u0101l\u0101 platforma, kas paredz\u0113ta p\u0113tniec\u012bbas datu glab\u0101\u0161anai, kop\u012bgo\u0161anai un izmanto\u0161anai ilgtermi\u0146\u0101. \u0160aj\u0101 sesij\u0101 piedal\u012bj\u0101s Augst\u0101k\u0101s izgl\u012bt\u012bbas un zin\u0101tnes inform\u0101cijas tehnolo\u0123iju koplieto\u0161anas pakalpojumu centra (VPC) p\u0101rst\u0101vji <\/span><b>El\u012bna Peina<\/b><span style=\"font-weight: 400;\">, <\/span><b>Daina Kos\u012bte<\/b><span style=\"font-weight: 400;\">, <\/span><b>Kristaps O\u0161kalns<\/b><span style=\"font-weight: 400;\"> un<\/span><b> Mikus Melderis<\/b><span style=\"font-weight: 400;\">, iepaz\u012bstinot ar VPC aktivit\u0101t\u0113m, atbalstu p\u0113tniekiem un DataverseLV sniegtaj\u0101m iesp\u0113j\u0101m, k\u0101 ar\u012b datu kuratoru t\u012bklu. VPC p\u0101rst\u0101vji aicin\u0101ja vasaras skolas dal\u012bbniekus iepaz\u012bties ar saturu DatverseLV interneta vietn\u0113, kur\u0101 pieejamas pam\u0101c\u012bbas datu kopas public\u0113\u0161anai repozitorij\u0101, k\u0101 ar\u012b p\u0113tniec\u012bbas datu p\u0101rvald\u012bbas ce\u013cvedis. &#8220;DataverseLV&#8221; kop\u0161 darb\u012bbas uzs\u0101k\u0161anas ir piedz\u012bvojis strauju att\u012bst\u012bbu un guvis pla\u0161u starptautisku atzin\u012bbu. Tas ir k\u013cuvis par DataCite ofici\u0101lo partneri, kas \u013cauj pie\u0161\u0137irt katrai datu kopai unik\u0101lu un past\u0101v\u012bgu DOI identifikatoru. Tas iev\u0113rojami uzlabo datu pieejam\u012bbu un cit\u0113jam\u012bbu, k\u0101 ar\u012b nodro\u0161ina to integr\u0101ciju ar zin\u0101tniskaj\u0101m publik\u0101cij\u0101m.<\/span><\/p>\n<p><span style=\"font-weight: 400;\">DataverseLV komanda turpina akt\u012bvi att\u012bst\u012bt repozitoriju, lai nodro\u0161in\u0101tu t\u0101 ilgtsp\u0113ju un veicin\u0101tu integr\u0101ciju starptautiskaj\u0101 p\u0113tniec\u012bbas infrastrukt\u016br\u0101. Vasaras skolas dal\u012bbnieki ar interakt\u012bvu uzdevumu pal\u012bdz\u012bbu att\u012bst\u012bja izpratni par datu r\u016bp\u012bgas ieg\u016b\u0161anas un uzglab\u0101\u0161anas iesp\u0113j\u0101m.\u00a0<\/span><\/p>\n<p style=\"text-align: center;\"><img decoding=\"async\" class=\"wp-image-7559 aligncenter\" src=\"https:\/\/jauniezinatnieki.lv\/wp-content\/uploads\/2025\/08\/02653f62-e554-4026-83d3-d2b3c3ed3a54-scaled.jpg\" alt=\"\" width=\"603\" height=\"402\" srcset=\"https:\/\/jauniezinatnieki.lv\/wp-content\/uploads\/2025\/08\/02653f62-e554-4026-83d3-d2b3c3ed3a54-scaled.jpg 2048w, https:\/\/jauniezinatnieki.lv\/wp-content\/uploads\/2025\/08\/02653f62-e554-4026-83d3-d2b3c3ed3a54-360x240.jpg 360w, https:\/\/jauniezinatnieki.lv\/wp-content\/uploads\/2025\/08\/02653f62-e554-4026-83d3-d2b3c3ed3a54-1024x682.jpg 1024w, https:\/\/jauniezinatnieki.lv\/wp-content\/uploads\/2025\/08\/02653f62-e554-4026-83d3-d2b3c3ed3a54-768x512.jpg 768w, https:\/\/jauniezinatnieki.lv\/wp-content\/uploads\/2025\/08\/02653f62-e554-4026-83d3-d2b3c3ed3a54-1536x1023.jpg 1536w, https:\/\/jauniezinatnieki.lv\/wp-content\/uploads\/2025\/08\/02653f62-e554-4026-83d3-d2b3c3ed3a54-18x12.jpg 18w\" sizes=\"(max-width: 603px) 100vw, 603px\" \/><strong>Att\u0113l\u0101 vasaras skolas dal\u012bbnieki, pildot VPC uzdevumu<\/strong><\/p>\n<h6><b>Zin\u0101tnes projektu p\u0101rvald\u012bba<\/b><\/h6>\n<p><span style=\"font-weight: 400;\">SIA \u201cKonso\u201d p\u0101rst\u0101ve un Latvijas Biozin\u0101t\u0146u un tehnolo\u0123iju universit\u0101tes M\u016b\u017eizgl\u012bt\u012bbas centra starptautisko projektu vad\u012bt\u0101ja<\/span><b> Ir\u012bna Kulit\u0101ne <\/b><span style=\"font-weight: 400;\">dal\u012bj\u0101s ar pla\u0161u praktisko pieredzi zin\u0101tnes projektu vad\u012bb\u0101 un sagatavo\u0161an\u0101. Vi\u0146a uzsv\u0113ra, ka veiksm\u012bgs projekts s\u0101kas ar skaidru ideju, kompetentu komandu un skaidru strukt\u016bru. Dal\u012bbniekiem tika sniegti praktiski padomi, k\u0101 veidot projektu portfeli, formul\u0113t ideju atbilsto\u0161i programmas m\u0113r\u0137iem un izvair\u012bties no bie\u017e\u0101k pie\u013cautaj\u0101m k\u013c\u016bd\u0101m \u2013 nepietiekama partneru iesaiste, form\u0101lu pras\u012bbu neiev\u0113ro\u0161ana un komunik\u0101cijas tr\u016bkums ar programmas administratoriem. Kulit\u0101nes prezent\u0101cij\u0101 tika apl\u016bkotas ar\u012b specifiskas Eiropas projektu programmas k\u0101 \u201cHorizon Europe\u201d, \u201cEurostars\u201d un VPP konkursi, k\u0101 ar\u012b to at\u0161\u0137ir\u012bbas un nosac\u012bjumu specifika. Vi\u0146a akcent\u0113ja ar\u012b strat\u0113\u0123isk\u0101s dom\u0101\u0161anas noz\u012bmi projektu izstr\u0101d\u0113 un aicin\u0101ja uz liel\u0101ku starpdisciplin\u0101ru sadarb\u012bbu.<\/span><\/p>\n<h5><b>P\u0113tniec\u012bbas \u0113tika un akad\u0113miskais god\u012bgums<\/b><\/h5>\n<p><span style=\"font-weight: 400;\">Otr\u0101 dienas da\u013ca, kuru moder\u0113ja LJZA valdes locekle <\/span><b>Laila Silami\u0137ele<\/b><span style=\"font-weight: 400;\">, tika velt\u012bta \u0113tikas un akad\u0113misk\u0101 god\u012bguma jaut\u0101jumiem zin\u0101tn\u0113.<\/span><b> Ineta Ziemele<\/b><span style=\"font-weight: 400;\">, Eiropas Savien\u012bbas Tiesas tiesnese, uzs\u0101ka sesiju ar iedvesmojo\u0161u runu \u201cZin\u0101tnieka \u0113tikas izpratnes transform\u0101cija laikmetu ietekm\u0113\u201d, raksturojot akad\u0113misk\u0101s kult\u016bras att\u012bst\u012bbu Latvij\u0101, s\u0101kot no Valsts neatkar\u012bbas atjauno\u0161anas, k\u0101 ar\u012b uzsv\u0113ra cie\u0146u un cilv\u0113kties\u012bbas k\u0101 pamatv\u0113rt\u012bbu, kas ar\u012b fundament\u0101li nosaka \u0113tikas pieejas izpratni un praksi akad\u0113miskaj\u0101 vid\u0113.<\/span><\/p>\n<h6><b>Atbild\u012bga p\u0113tniec\u012bba: Baltijas pieredze<\/b><\/h6>\n<p><b>Egl\u0117 Ozolin\u010di\u016bt\u0117<\/b><span style=\"font-weight: 400;\">, Lietuvas Akad\u0113misk\u0101s \u0113tikas un proced\u016bru ombuda birojs (<\/span><i><span style=\"font-weight: 400;\">Office of the Ombudsperson\u00a0for Academic Ethics and Procedures<\/span><\/i><span style=\"font-weight: 400;\">) prezent\u0113ja p\u0113t\u012bjumu \u201c<\/span><i><span style=\"font-weight: 400;\">Responsible Research Barometer<\/span><\/i><span style=\"font-weight: 400;\">\u201d par akad\u0113misk\u0101 god\u012bguma iev\u0113ro\u0161anu Lietuvas zin\u0101tniskaj\u0101s instit\u016bcij\u0101s. Vi\u0146a iepaz\u012bstin\u0101ja ar datiem, kas uzr\u0101da pla\u0161u \u0113tikas p\u0101rk\u0101pumu spektru \u2013 no intere\u0161u konfliktiem un autor\u012bbas jaut\u0101jumiem l\u012bdz datu manipul\u0101cijai. P\u0113t\u012bjums atkl\u0101ja, ka da\u013ca p\u0113tnieku joproj\u0101m nezina vai neiev\u0113ro \u0113tikas vadl\u012bnijas, \u012bpa\u0161i publik\u0101ciju izstr\u0101des proces\u0101. Prezent\u0101cija rosin\u0101ja diskusijas par nepiecie\u0161am\u012bbu uzlabot zin\u0101tnisko instit\u016bciju iek\u0161\u0113jo \u0113tikas kult\u016bru un stiprin\u0101t p\u0113tnieku apm\u0101c\u012bbas.<\/span><\/p>\n<h6><b>P\u0113tniec\u012bbas \u0113tika un \u0113tisk\u0101s kompetences att\u012bst\u012bba<\/b><\/h6>\n<p><b>Mari-Liisa Parder<\/b><span style=\"font-weight: 400;\"> (Tartu Universit\u0101te) lekcij\u0101 uzsv\u0113ra, ka \u0113tika zin\u0101tn\u0113 nav tikai pien\u0101kums, bet ar\u012b atbild\u012bba un labas zin\u0101tnisk\u0101s prakses pamats. Vi\u0146a iepaz\u012bstin\u0101ja ar p\u0113tnieku \u0113tikas kompetenc\u0113m \u2013 sp\u0113ju atpaz\u012bt \u0113tiskas dilemmas, izv\u0113rt\u0113t t\u0101s, pie\u0146emt atbild\u012bgus l\u0113mumus un r\u012bkoties saska\u0146\u0101 ar zin\u0101tniskajiem un sabiedriskajiem standartiem. Viens no noz\u012bm\u012bgiem aspektiem ir \u0113tikas izv\u0113rt\u0113\u0161anas (ethical review) nepiecie\u0161am\u012bba un Eiropas Savien\u012bbas sist\u0113mas pieredze, izv\u0113rt\u0113jot jaut\u0101jumus par datu aizsardz\u012bbu, priv\u0101tumu, cilv\u0113kties\u012bb\u0101m, m\u0101ksl\u012bgo intelektu un iesp\u0113jam\u0101m p\u0113t\u012bjumu rezult\u0101tu \u013caunpr\u0101t\u012bgas izmanto\u0161anas risku p\u0113tniec\u012bbas projektos. Dr. Parder dal\u012bj\u0101s ar\u012b ar Igaunijas p\u0113t\u012bjuma rezult\u0101tiem par akad\u0113misk\u0101 god\u012bguma jaut\u0101jumiem, nor\u0101dot uz t\u0101diem \u0113tikas p\u0101rk\u0101pumu riskiem k\u0101, piem\u0113ram, d\u0101vin\u0101to autor\u012bbu, <\/span><i><span style=\"font-weight: 400;\">&#8220;salami-slicing&#8221;<\/span><\/i><span style=\"font-weight: 400;\"> pieeju, intere\u0161u konfliktu ignor\u0113\u0161anu un izlik\u0161anos.<\/span><\/p>\n<p><span style=\"font-weight: 400;\">Pane\u013cdiskusij\u0101\u00a0 &#8220;Zin\u0101tne, kurai uztic\u0113ties \u2013 Eiropas \u0113tikas standarti un Latvijas ce\u013c\u0161 to \u012bsteno\u0161an\u0101\u201d, ko vad\u012bja Laila Silami\u0137ele, piedal\u012bj\u0101s <\/span><b>Egl\u0117 Ozolin\u010di\u016bt\u0117<\/b><span style=\"font-weight: 400;\">, <\/span><b>Mari-Liisa Parder<\/b><span style=\"font-weight: 400;\"> un <\/span><b>Andris Teikmanis<\/b><span style=\"font-weight: 400;\">, profesors Latvijas M\u0101kslas akad\u0113mij\u0101 un, Augst\u0101k\u0101s izgl\u012bt\u012bbas padomes priek\u0161s\u0113d\u0113t\u0101js. Pane\u013cdiskusij\u0101 tika run\u0101ts par akad\u0113misko br\u012bv\u012bbu, uztic\u012bbu zin\u0101tnei un \u0113tikas r\u012bc\u012bbas kodeksa lomu akad\u0113misk\u0101 god\u012bguma principu stiprin\u0101\u0161an\u0101 Latvij\u0101. Pane\u013cdiskusijas dal\u012bbnieki atzina, ka akad\u0113misk\u0101 br\u012bv\u012bba ir cie\u0161i saist\u012bta ar br\u012bv\u012bbu izteikties un inform\u0101cijas pieejam\u012bbu. Egl\u0117 Ozolin\u010di\u016bt\u0117 ieskic\u0113ja, ka tam, k\u0101 zin\u0101tne tiek komunic\u0113ta, ir b\u016btiska loma, k\u0101 t\u0101 tiks interpret\u0113ta sabiedr\u012bb\u0101, un akcent\u0113ja ar\u012b caursp\u012bd\u012bguma noz\u012bmi, piem\u0113ram, atkl\u0101jot maksl\u012bg\u0101 intelekta r\u012bku izmanto\u0161anu p\u0113tniec\u012bb\u0101. Mari-Liisa Parder ieskic\u0113ja zin\u0101tnes un zin\u0101tnieka du\u0101lo lomu, kas ir cie\u0161i saist\u012bta ar p\u0113t\u0101mo probl\u0113mu jeb zin\u0101\u0161anu iztr\u016bkumu konkr\u0113t\u0101 nozar\u0113 un uztic\u012bbu instit\u016bcij\u0101m un zin\u0101tnes rezult\u0101tu pielieto\u0161anai valstisk\u0101 l\u012bmen\u012b. Diskut\u0113jot par \u0113tikas r\u012bc\u012bbas kodeksu, pane\u013cdiskusijas dal\u012bbnieki atzina, ka \u0161\u0101ds dokuments nav statisks un b\u016btu j\u0101aktualiz\u0113, atbilsto\u0161i aktu\u0101lajiem notikumiem pasaul\u0113. Piem\u0113ram, \u0161obr\u012bd arvien aktu\u0101l\u0101ki ir jaut\u0101jumi gan par atbild\u012bgu recenz\u0113\u0161anas praksi, gan atbild\u012bbas uz\u0146em\u0161anos godpr\u0101t\u012bgas p\u0113tniec\u012bbas praktiz\u0113\u0161an\u0101. T\u0101p\u0113c, neatkar\u012bgi no t\u0101, ka jau eksist\u0113 visp\u0101rpie\u0146emti dokumenti, piem\u0113ram, ALLEA Eiropas R\u012bc\u012bbas kodekss par p\u0113tniec\u012bbas integrit\u0101ti, b\u016btiska ir ar\u012b dokument\u0101 pausto atzi\u0146u praktiska pielieto\u0161ana un aktualiz\u0113\u0161ana.<\/span><\/p>\n<p><span style=\"font-weight: 400;\">Diskusiju iesp\u0113jams <\/span><a href=\"https:\/\/www.facebook.com\/share\/v\/1C4P7BCBDG\/\"><span style=\"font-weight: 400;\">skat\u012bties \u0161eit<\/span><\/a><span style=\"font-weight: 400;\">.<\/span><\/p>\n<p style=\"text-align: center;\"><img loading=\"lazy\" decoding=\"async\" class=\"wp-image-7561 aligncenter\" src=\"https:\/\/jauniezinatnieki.lv\/wp-content\/uploads\/2025\/08\/adb9e397-3b66-48ea-8128-3ddd3c65a352-scaled.jpg\" alt=\"\" width=\"597\" height=\"398\" srcset=\"https:\/\/jauniezinatnieki.lv\/wp-content\/uploads\/2025\/08\/adb9e397-3b66-48ea-8128-3ddd3c65a352-scaled.jpg 2048w, https:\/\/jauniezinatnieki.lv\/wp-content\/uploads\/2025\/08\/adb9e397-3b66-48ea-8128-3ddd3c65a352-360x240.jpg 360w, https:\/\/jauniezinatnieki.lv\/wp-content\/uploads\/2025\/08\/adb9e397-3b66-48ea-8128-3ddd3c65a352-1024x682.jpg 1024w, https:\/\/jauniezinatnieki.lv\/wp-content\/uploads\/2025\/08\/adb9e397-3b66-48ea-8128-3ddd3c65a352-768x512.jpg 768w, https:\/\/jauniezinatnieki.lv\/wp-content\/uploads\/2025\/08\/adb9e397-3b66-48ea-8128-3ddd3c65a352-1536x1023.jpg 1536w, https:\/\/jauniezinatnieki.lv\/wp-content\/uploads\/2025\/08\/adb9e397-3b66-48ea-8128-3ddd3c65a352-18x12.jpg 18w\" sizes=\"(max-width: 597px) 100vw, 597px\" \/><strong>Pane\u013cdiskusijas dal\u012bbnieki (no kreis\u0101s):\u00a0<\/strong>prof. Andris Teikmanis, Mari-Liisa Parder, Egl\u0117 Ozolin\u010di\u016bt\u0117, Laila Silami\u0137ele<\/p>\n<h6><b>Pirm\u0101s zin\u0101tnisk\u0101s \u0113tikas debates Latvij\u0101<\/b><\/h6>\n<p><span style=\"font-weight: 400;\">Dienas kulmin\u0101cija norisin\u0101j\u0101s pirm\u0101s zin\u0101tnisk\u0101s \u0113tikas debates Latvij\u0101, kuru ideja rad\u0101s LJZA, un pie to \u012bsteno\u0161anas str\u0101d\u0101ja <\/span><b>Raimonda Soloha<\/b><span style=\"font-weight: 400;\">,<\/span><b> Laila Silami\u0137ele<\/b><span style=\"font-weight: 400;\"> un <\/span><b>Rasma P\u012bpi\u0137e<\/b><span style=\"font-weight: 400;\">. Debat\u0113s tika izmantoti projekt\u0101 \u201cBeyond Bad Apples: Towards a Behavioural and Evidence-Based Approach to Promote Research Ethics and Research Integrity in Europe (BEYOND)\u201d izstr\u0101d\u0101ti izaicino\u0161i scen\u0101riji, kas \u013c\u0101va dal\u012bbniekiem dzi\u013c\u0101k izprast \u0113tikas nianses, diskut\u0113t par robe\u017e\u0101m, r\u012bc\u012bbas pamatot\u012bbu un p\u0113tnieku atbild\u012bbu. Debat\u0113s piedal\u012bj\u0101s Vasaras skolas dal\u012bbnieki, k\u0101 ar\u012b \u0112tikas debates nosl\u0113dza sesija, kur\u0101 piedal\u012bj\u0101s ar\u012b eksperti un LJZA valdes locek\u013ci, sniedzot daudzveid\u012bgu un bag\u0101tu skat\u012bjumu uz to, k\u0101 \u0113tika izpau\u017eas p\u0113tniec\u012bb\u0101. Diskusij\u0101s tika skarti jaut\u0101jumi par kol\u0113\u0123u atbild\u012bbu, vado\u0161o p\u0113tnieku pien\u0101kumiem, organizatorisko kult\u016bru un institucion\u0101lo atbalstu. Dal\u012bbnieki secin\u0101ja, ka \u0161\u0101da pieeja \u0113tikas jaut\u0101jumu izpratnes veido\u0161anai ir izcila. LJZA noteikti turpin\u0101s \u0113tikas deba\u0161u trad\u012bciju.<\/span><\/p>\n<p><span style=\"font-weight: 400;\">Vakar\u0101 dal\u012bbnieki un Latvijas Jauno zin\u0101tnieku apvien\u012bbas viesi ieskandin\u0101ja<\/span><b> LJZA 20 gadu jubileju<\/b><span style=\"font-weight: 400;\">, tiekoties atkl\u0101taj\u0101 grila vakar\u0101. LJZA valde izsaka pateic\u012bbu visiem viesiem, kuri ir kop\u0101 ar mums un veido Latvijas zin\u0101tnes n\u0101kotni. Pateicamies ar\u012b Latvijas Nacion\u0101l\u0101s bibliot\u0113kas Speci\u0101lo kr\u0101jumu departamenta direktorei <\/span><b>Marikai Selgai<\/b><span style=\"font-weight: 400;\"> par vieso\u0161anos vasaras skol\u0101 un sadarb\u012bbu ar LJZA.<\/span><\/p>\n<p style=\"text-align: center;\"><img loading=\"lazy\" decoding=\"async\" class=\"alignnone wp-image-7555\" src=\"https:\/\/jauniezinatnieki.lv\/wp-content\/uploads\/2025\/08\/9bb9d912-fc19-44e0-902f-39114dce9e76-scaled.jpg\" alt=\"\" width=\"613\" height=\"409\" srcset=\"https:\/\/jauniezinatnieki.lv\/wp-content\/uploads\/2025\/08\/9bb9d912-fc19-44e0-902f-39114dce9e76-scaled.jpg 2048w, https:\/\/jauniezinatnieki.lv\/wp-content\/uploads\/2025\/08\/9bb9d912-fc19-44e0-902f-39114dce9e76-360x240.jpg 360w, https:\/\/jauniezinatnieki.lv\/wp-content\/uploads\/2025\/08\/9bb9d912-fc19-44e0-902f-39114dce9e76-1024x682.jpg 1024w, https:\/\/jauniezinatnieki.lv\/wp-content\/uploads\/2025\/08\/9bb9d912-fc19-44e0-902f-39114dce9e76-768x512.jpg 768w, https:\/\/jauniezinatnieki.lv\/wp-content\/uploads\/2025\/08\/9bb9d912-fc19-44e0-902f-39114dce9e76-1536x1023.jpg 1536w, https:\/\/jauniezinatnieki.lv\/wp-content\/uploads\/2025\/08\/9bb9d912-fc19-44e0-902f-39114dce9e76-18x12.jpg 18w\" sizes=\"(max-width: 613px) 100vw, 613px\" \/><br \/>\n<strong>Akt\u012bv\u0101k\u0101s debat\u0113t\u0101jas<\/strong><br \/>\n<strong>Att\u0113l\u0101 no kreis\u0101s:<\/strong> Karl\u012bna Gr\u012bvi\u0146a, Dora Livki\u0161a, Laila Silami\u0137ele, Elizabete Universa<\/p>\n<h4 style=\"text-align: center;\"><b>17. augusts: L\u012bdzsvars un labb\u016bt\u012bba<\/b><\/h4>\n<p><span style=\"font-weight: 400;\">Dienu uzs\u0101k\u0101m ar <\/span><b>Oskara Teikma\u0146a <\/b><span style=\"font-weight: 400;\">prezent\u0101ciju par LJZA darb\u012bbu un m\u0113r\u0137iem. Nosl\u0113guma diena bija velt\u012bta praktiskai meistarklasei par emocion\u0101l\u0101 l\u012bdzsvara un person\u012bbas att\u012bst\u012bbas noz\u012bm\u012bgumu. <\/span><b>Ilze Skuja<\/b><span style=\"font-weight: 400;\">, sertific\u0113ta m\u0101kslas terapeite ar specializ\u0101ciju dr\u0101mas terapij\u0101, vad\u012bja meistarklasi, kur\u0101 ar asoci\u0101ciju tehnik\u0101m tika analiz\u0113tas emocijas, praktiz\u0113ta prasme pateikt &#8220;n\u0113&#8221; un veidoti r\u012bc\u012bbas mode\u013ci emocion\u0101lai labsaj\u016btai.<\/span><\/p>\n<p><span style=\"font-weight: 400;\">Vasaras skolas nosl\u0113guma\u00a0 kulmin\u0101cija bija &#8220;Baltais pikniks&#8221;, kur neform\u0101l\u0101 un rado\u0161\u0101 vid\u0113 dal\u012bbnieki izv\u0113rt\u0113ja g\u016bto pieredzi, formul\u0113ja savus atkl\u0101jumus un stiprin\u0101ja izveidotos kontaktus. \u0160o pas\u0101kumu organiz\u0113ja LJZA valdes locekle <\/span><b>Daniela Godi\u0146a <\/b><span style=\"font-weight: 400;\">un LJZA biedre <\/span><b>Iveta Ozola-C\u012brule<\/b><span style=\"font-weight: 400;\">.<\/span><\/p>\n<p><span style=\"font-weight: 400;\">Pas\u0101kuma nobeigum\u0101 LJZA vasaras skolas 2025 organizatoru komanda pateic\u0101s dal\u012bbniekiem un viens otram. Vasaras skolas koordinatore <\/span><b>Rasma P\u012bpi\u0137e<\/b><span style=\"font-weight: 400;\"> uzsver: <\/span><\/p>\n<blockquote><p><i><span style=\"font-weight: 400;\">\u201cVasaras skolas izdo\u0161an\u0101s pamat\u0101 ir tas, ka katrs no komandas dar\u012bj\u0101m to, ko protam un sp\u0113jam vislab\u0101k, m\u0113s esam da\u017e\u0101di un l\u012bdz ar to, katram no mums ir stipr\u0101s puses, kur\u0101m ir iesp\u0113ja izpausties \u0161\u0101dos notikumos. Man ir patiess gandar\u012bjums, ka varam pied\u0101v\u0101t kvalitat\u012bvu programmu neform\u0101l\u0101s izgl\u012bt\u012bbas veid\u0101 un es ticu, ka daudziem b\u016b\u0161ana Vasaras skol\u0101 ir labs motivators turpin\u0101t ies\u0101kto! \u0160eit es dom\u0101ju tie\u0161i doktorant\u016bru un ar\u012b aizst\u0101v\u0113t disert\u0101ciju.\u201d<\/span><\/i><\/p><\/blockquote>\n<p style=\"text-align: center;\"><img loading=\"lazy\" decoding=\"async\" class=\"wp-image-7556 aligncenter\" src=\"https:\/\/jauniezinatnieki.lv\/wp-content\/uploads\/2025\/08\/a8d25253-8c43-45af-b8ca-c61c36bcf176-scaled.jpg\" alt=\"\" width=\"537\" height=\"358\" srcset=\"https:\/\/jauniezinatnieki.lv\/wp-content\/uploads\/2025\/08\/a8d25253-8c43-45af-b8ca-c61c36bcf176-scaled.jpg 2048w, https:\/\/jauniezinatnieki.lv\/wp-content\/uploads\/2025\/08\/a8d25253-8c43-45af-b8ca-c61c36bcf176-360x240.jpg 360w, https:\/\/jauniezinatnieki.lv\/wp-content\/uploads\/2025\/08\/a8d25253-8c43-45af-b8ca-c61c36bcf176-1024x682.jpg 1024w, https:\/\/jauniezinatnieki.lv\/wp-content\/uploads\/2025\/08\/a8d25253-8c43-45af-b8ca-c61c36bcf176-768x512.jpg 768w, https:\/\/jauniezinatnieki.lv\/wp-content\/uploads\/2025\/08\/a8d25253-8c43-45af-b8ca-c61c36bcf176-1536x1023.jpg 1536w, https:\/\/jauniezinatnieki.lv\/wp-content\/uploads\/2025\/08\/a8d25253-8c43-45af-b8ca-c61c36bcf176-18x12.jpg 18w\" sizes=\"(max-width: 537px) 100vw, 537px\" \/><strong>Att\u0113l\u0101 vasaras skolas dal\u012bbnieki Ilzes Skujas vad\u012btaj\u0101 meistarklas\u0113<\/strong><\/p>\n<h5><b>Paldies par atbalstu un sadarb\u012bbu<\/b><\/h5>\n<p><span style=\"font-weight: 400;\">LJZA pateicas Sabiedr\u012bbas integr\u0101cijas fondam par LJZA kapacit\u0101tes projekta atbalstu, SIA &#8220;Kinetics Nail Systems&#8221; par atbalstu \u012bsrunu konkursam, SIA \u201cZvaigzne ABC\u201d par gr\u0101matu d\u0101vin\u0101jumu dal\u012bbniekiem, SIA \u201cAstraMed Baltic\u201d par finansi\u0101lu atbalstu jau divu gadu garum\u0101 un ekl\u0113riem, k\u0101 ar\u012b visiem lektoriem, kas dal\u012bj\u0101s sav\u0101s zin\u0101\u0161an\u0101s. Vasaras skola apliecin\u0101ja LJZA ap\u0146em\u0161anos veidot sp\u0113c\u012bgu, sadarb\u012bb\u0101 balst\u012btu un \u0113tiski atbild\u012bgu Latvijas zin\u0101tnes n\u0101kotni.\u00a0<\/span><\/p>\n<p><span style=\"font-weight: 400;\">\u012apa\u0161s paldies visai LJZA valdei, k\u0101 ar\u012b LJZA izpilddirektorei <\/span><b>Laimai Dancei<\/b><span style=\"font-weight: 400;\"> par tehnisko atbalstu un <\/span><b>Ivetai Ozolai-C\u012brulei<\/b><span style=\"font-weight: 400;\"> par br\u012bvpr\u0101t\u012bgo darbu Balt\u0101 piknika organiz\u0113\u0161an\u0101,<\/span><b> Krist\u012bnei Meilei<\/b><span style=\"font-weight: 400;\"> par nep\u0101rtrauktu kl\u0101tesam\u012bbu un atbalstu soci\u0101lo mediju ierakstu sagatavo\u0161an\u0101 un <\/span><b>Solvitai Lodi\u0146ai <\/b><span style=\"font-weight: 400;\">par izcilu kadru fiks\u0113\u0161anu. Solvita uz\u0146\u0113ma \u0161o pien\u0101kumu patiesi atbild\u012bgi. Pateicamies par atbalstu vasaras skolas noris\u0113. Tiekamies n\u0101kamaj\u0101 gad\u0101!<\/span><\/p>\n<p><span style=\"font-weight: 400;\">LJZA Vasaras skola 2025 tiek \u012bstenota projekta \u201cJauno zin\u0101tnieku kopienas stiprin\u0101\u0161ana un zin\u0101tnes komunik\u0101cijas veicin\u0101\u0161ana Latvij\u0101\u201d (Nr. 2025.LV\/NVOF\/MAC\/070) ietvaros. Pas\u0101kumu finansi\u0101li atbalsta Sabiedr\u012bbas integr\u0101cijas fonds no Latvijas valsts bud\u017eeta l\u012bdzek\u013ciem.<\/span><\/p>\n<p><img loading=\"lazy\" decoding=\"async\" class=\"alignnone size-full wp-image-7681 aligncenter\" src=\"https:\/\/jauniezinatnieki.lv\/wp-content\/uploads\/2025\/10\/SIF-logo.png\" alt=\"\" width=\"86\" height=\"74\" \/><\/p>","protected":false},"excerpt":{"rendered":"<p>Latvijas Jauno zin\u0101tnieku apvien\u012bbas (LJZA) Vasaras skola 2025 norisin\u0101j\u0101s no 2025. gada 14. l\u012bdz 17. augustam viesu nam\u0101 &#8220;Mauri\u0146i&#8221; un pulc\u0113ja jaunos p\u0113tniekus un doktorantus no visas Latvijas, lai veicin\u0101tu sadarb\u012bbu, dal\u012btos pieredz\u0113 un ieg\u016btu jaunas prasmes un zin\u0101\u0161anas. Vasaras skola ir ikgad\u0113js notikums un t\u0101s m\u0113r\u0137is ir stiprin\u0101t jauno zin\u0101tnieku kompetences un starpdisciplin\u0101ru sadarb\u012bbu, [&hellip;]<\/p>","protected":false},"author":16,"featured_media":7545,"comment_status":"closed","ping_status":"closed","sticky":false,"template":"","format":"standard","meta":{"_acf_changed":false,"footnotes":""},"categories":[161],"tags":[203],"class_list":["post-7541","post","type-post","status-publish","format-standard","has-post-thumbnail","hentry","category-pasakumi-aktualitates","tag-vasaras-skola"],"acf":[],"_links":{"self":[{"href":"https:\/\/jauniezinatnieki.lv\/en\/wp-json\/wp\/v2\/posts\/7541","targetHints":{"allow":["GET"]}}],"collection":[{"href":"https:\/\/jauniezinatnieki.lv\/en\/wp-json\/wp\/v2\/posts"}],"about":[{"href":"https:\/\/jauniezinatnieki.lv\/en\/wp-json\/wp\/v2\/types\/post"}],"author":[{"embeddable":true,"href":"https:\/\/jauniezinatnieki.lv\/en\/wp-json\/wp\/v2\/users\/16"}],"replies":[{"embeddable":true,"href":"https:\/\/jauniezinatnieki.lv\/en\/wp-json\/wp\/v2\/comments?post=7541"}],"version-history":[{"count":5,"href":"https:\/\/jauniezinatnieki.lv\/en\/wp-json\/wp\/v2\/posts\/7541\/revisions"}],"predecessor-version":[{"id":8036,"href":"https:\/\/jauniezinatnieki.lv\/en\/wp-json\/wp\/v2\/posts\/7541\/revisions\/8036"}],"wp:featuredmedia":[{"embeddable":true,"href":"https:\/\/jauniezinatnieki.lv\/en\/wp-json\/wp\/v2\/media\/7545"}],"wp:attachment":[{"href":"https:\/\/jauniezinatnieki.lv\/en\/wp-json\/wp\/v2\/media?parent=7541"}],"wp:term":[{"taxonomy":"category","embeddable":true,"href":"https:\/\/jauniezinatnieki.lv\/en\/wp-json\/wp\/v2\/categories?post=7541"},{"taxonomy":"post_tag","embeddable":true,"href":"https:\/\/jauniezinatnieki.lv\/en\/wp-json\/wp\/v2\/tags?post=7541"}],"curies":[{"name":"wp","href":"https:\/\/api.w.org\/{rel}","templated":true}]}}