{"id":7565,"date":"2025-08-27T17:39:01","date_gmt":"2025-08-27T14:39:01","guid":{"rendered":"https:\/\/jauniezinatnieki.lv\/?p=7565"},"modified":"2025-10-19T23:01:00","modified_gmt":"2025-10-19T20:01:00","slug":"doma-leni-par-zinatni-pasaules-mazaka-skatuve-sarunu-festivala-lampa","status":"publish","type":"post","link":"https:\/\/jauniezinatnieki.lv\/en\/doma-leni-par-zinatni-pasaules-mazaka-skatuve-sarunu-festivala-lampa\/","title":{"rendered":"Dom\u0101 l\u0113ni par zin\u0101tni, Pasaules maz\u0101k\u0101 skatuve sarunu festiv\u0101l\u0101 LAMPA"},"content":{"rendered":"<p><span style=\"font-weight: 400;\">No 20.06. l\u012bdz 21.06. <\/span><b>Latvijas Jauno zin\u0101tnieku apvien\u012bba (association)<\/b><span style=\"font-weight: 400;\"> (LJZA) piedal\u012bj\u0101s sarunu festiv\u0101l\u0101 LAMPA, turpinot iepriek\u0161\u0113jos gados aizs\u0101kto konceptu \u201cDom\u0101 l\u0113ni\u201d. \u0160aj\u0101s dien\u0101s Pasaules maz\u0101k\u0101 skatuve (skatuve Nr. 2.), kuras idejas autore ir LJZA valdes locekle <\/span><b>Rasma P\u012bpi\u0137e<\/b><span style=\"font-weight: 400;\">,<\/span> <span style=\"font-weight: 400;\">p\u0101rtapa par telpu, kur domas k\u013cuva dzi\u013c\u0101kas un sarunas \u2013 noz\u012bm\u012bg\u0101kas. Ideja par \u201cDom\u0101 l\u0113ni\u201d konceptu rad\u0101s, diskut\u0113jot par v\u0113st\u012bjumu, ko LJZA v\u0113las nodot sabiedr\u012bbai. Iedvesmojoties no psihologa un Nobela pr\u0113mijas laure\u0101ta ekonomik\u0101 (2002) Daniela K\u0101nemana (Daniel Kahneman) gr\u0101matas \u201cDom\u0101 \u0101tri, dom\u0101 l\u0113n\u0101m\u201d, kur\u0101 vi\u0146\u0161 apraksta divas dom\u0101\u0161anas sist\u0113mas \u2012 \u0101tro jeb impuls\u012bvo un intuit\u012bvo un l\u0113no jeb apzin\u0101to un stuktur\u0113to \u2012, non\u0101c\u0101m pie koncepta par \u201cDom\u0101 l\u0113ni\u201d k\u0101 vadmot\u012bva izv\u0113li. Ar\u012b \u0161ogad \u0161is vadmot\u012bvs iedvesmoja uz mier\u012bgu un j\u0113gpilnu skatienu zin\u0101tn\u0113, sabiedr\u012bb\u0101 un m\u016bsos pa\u0161os.<\/span><\/p>\n<p><span style=\"font-weight: 400;\">Pas\u0101kuma atkl\u0101\u0161anas run\u0101 LJZA valdes priek\u0161s\u0113d\u0113t\u0101js <\/span><b>Oskars Teikmanis <\/b><span style=\"font-weight: 400;\">uzsv\u0113ra Nobela pr\u0113mijas laure\u0101ta ekonomik\u0101 (2002) Daniela K\u0101nemana (Daniel Kahneman) konceptu par da\u017e\u0101diem dom\u0101\u0161anas veidiem, izce\u013cot, ka zin\u0101tn\u0113 aktu\u0101li un noz\u012bm\u012bgi ir izmantot l\u0113no jeb anal\u012btisko dom\u0101\u0161anu.<\/span><\/p>\n<p><span style=\"font-weight: 400;\">Latvijas Zin\u0101tnes padomes direktore <\/span><b>Lauma Mui\u017eniece <\/b><span style=\"font-weight: 400;\">v\u0113rsa uzman\u012bbu, ka nereti v\u0113lamies att\u012bst\u012bbu \u0101tri, bet tie\u0161i situ\u0101cijas, kas ir labi p\u0101rdom\u0101tas ir t\u0101s, kas veicina\u00a0 progres att\u012bst\u012bbu.<\/span><\/p>\n<p style=\"text-align: center;\"><img fetchpriority=\"high\" decoding=\"async\" class=\"wp-image-7567 aligncenter\" src=\"https:\/\/jauniezinatnieki.lv\/wp-content\/uploads\/2025\/08\/a78682b1-df54-49e1-be93-c16f3ed77825-scaled.jpg\" alt=\"\" width=\"312\" height=\"469\" srcset=\"https:\/\/jauniezinatnieki.lv\/wp-content\/uploads\/2025\/08\/a78682b1-df54-49e1-be93-c16f3ed77825-scaled.jpg 1364w, https:\/\/jauniezinatnieki.lv\/wp-content\/uploads\/2025\/08\/a78682b1-df54-49e1-be93-c16f3ed77825-240x360.jpg 240w, https:\/\/jauniezinatnieki.lv\/wp-content\/uploads\/2025\/08\/a78682b1-df54-49e1-be93-c16f3ed77825-682x1024.jpg 682w, https:\/\/jauniezinatnieki.lv\/wp-content\/uploads\/2025\/08\/a78682b1-df54-49e1-be93-c16f3ed77825-768x1153.jpg 768w, https:\/\/jauniezinatnieki.lv\/wp-content\/uploads\/2025\/08\/a78682b1-df54-49e1-be93-c16f3ed77825-1023x1536.jpg 1023w, https:\/\/jauniezinatnieki.lv\/wp-content\/uploads\/2025\/08\/a78682b1-df54-49e1-be93-c16f3ed77825-8x12.jpg 8w\" sizes=\"(max-width: 312px) 100vw, 312px\" \/>Att\u0113l\u0101 Latvijas Zin\u0101tnes padomes direktore Lauma Mui\u017eniece<\/p>\n<h6><span style=\"font-weight: 400;\">Uz Pasaules maz\u0101k\u0101s skatuves tika interv\u0113ti:<\/span><\/h6>\n<ul>\n<li style=\"list-style-type: none;\">\n<ul>\n<li style=\"font-weight: 400;\" aria-level=\"1\"><b>Krist\u012bne \u0160neidere, <\/b><span style=\"font-weight: 400;\">zin\u0101t\u0146u doktore, vado\u0161\u0101 p\u0113tniece un vesel\u012bbas psiholo\u0123e;<\/span><\/li>\n<li style=\"font-weight: 400;\" aria-level=\"1\"><b>Rasma P\u012bpi\u0137e, <\/b><span style=\"font-weight: 400;\">sist\u0113misk\u0101s da\u017e\u0101d\u012bbas vad\u012bbas eksperte, Latvijas Jauno zin\u0101tnieku apvien\u012bbas valdes locekle, RTU doktorante;<\/span><\/li>\n<li style=\"font-weight: 400;\" aria-level=\"1\"><b>D\u0101vis E\u0146\u0123elis, <\/b><span style=\"font-weight: 400;\">Latvijas Radio 3 \u201cKlasika\u201d raid\u012bjumu veidot\u0101js, zin\u0101tniskais asistents LU Literat\u016bras, folkloras un m\u0101kslas instit\u016bt\u0101;<\/span><\/li>\n<li style=\"font-weight: 400;\" aria-level=\"1\"><b>Brigita Dejus, <\/b><span style=\"font-weight: 400;\">RTU vado\u0161\u0101 p\u0113tniece, Eiropas Komisijas misijas &#8220;Oke\u0101ni un \u016bde\u0146i&#8221; padomes locekle un \u016avitam\u012bna v\u0113stnese;<\/span><\/li>\n<li style=\"font-weight: 400;\" aria-level=\"1\"><b>Anna Stik\u0101ne<\/b><span style=\"font-weight: 400;\">, Organisk\u0101s sint\u0113zes instit\u016bta inov\u0101ciju centra vad\u012bt\u0101ja;<\/span><\/li>\n<li style=\"font-weight: 400;\" aria-level=\"1\"><b>Eduards Ba\u0137is, <\/b><span style=\"font-weight: 400;\">PhD, doc\u0113t\u0101js un vado\u0161ais p\u0113tnieks LU;\u00a0<\/span><\/li>\n<li style=\"font-weight: 400;\" aria-level=\"1\"><b>J\u0101nis Lazovskis<\/b><span style=\"font-weight: 400;\">, Matem\u0101ti\u0137is ar specializ\u0101ciju topolo\u0123ij\u0101 un starpdisciplin\u0101ros projektos biolo\u0123ij\u0101;\u00a0<\/span><\/li>\n<li style=\"font-weight: 400;\" aria-level=\"1\"><b>Tatjana Pladere, <\/b><span style=\"font-weight: 400;\">LU Optometrijas un redzes zin\u0101tnes noda\u013cas vad\u012bt\u0101ja.<\/span><\/li>\n<\/ul>\n<\/li>\n<\/ul>\n<ul>\n<li style=\"list-style-type: none;\"><\/li>\n<\/ul>\n<p><span style=\"font-weight: 400;\">Interviju galvenais m\u0113r\u0137is bija atkl\u0101t ne tikai jauno zin\u0101tnieku p\u0113t\u012bjumu b\u016bt\u012bbu un skaidrot to lietder\u012bbu un izmanto\u0161anas iesp\u0113ju cilv\u0113kiem un sabiedr\u012bbai, bet ar\u012b atkl\u0101t \u0161os cilv\u0113kus k\u0101 person\u012bbas un vi\u0146u\u00a0 ce\u013cu zin\u0101tn\u0113 k\u0101 cilv\u0113kiem, kas zin\u0101tni izv\u0113l\u0113ju\u0161ies par savu dz\u012bvi.\u00a0<\/span><\/p>\n<h5 style=\"text-align: center;\"><span style=\"font-weight: 400;\">KO PAR PIEREDZI LAMP\u0100 SAKA MODERATORI?<\/span><\/h5>\n<p><span style=\"font-weight: 400;\">Dal\u012bbniekus interv\u0113ja Linards Kalni\u0146\u0161, Eva Gaigalniece un Daniela Godi\u0146a. <\/span><b>Linards <\/b><span style=\"font-weight: 400;\">ir akustikas, dzirdes uztveres un digit\u0101lo sign\u0101lu pasniedz\u0113js J\u0101zepa V\u012btola Latvijas M\u016bzikas akad\u0113mij\u0101, k\u0101 ar\u012b popul\u0101r\u0101s m\u016bzikas v\u0113stures lektors Latvijas Kult\u016bras akad\u0113mijas Kult\u016bras koled\u017e\u0101. Vi\u0146\u0161 ir viens no kritiski anal\u012btisk\u0101 raid\u012bjuma <\/span><i><span style=\"font-weight: 400;\">\u201cDziesmusv\u0113tku t\u012bklos\u201d<\/span><\/i><span style=\"font-weight: 400;\"> vad\u012bt\u0101jiem, raksta par rokm\u016bziku un korm\u016bziku <\/span><i><span style=\"font-weight: 400;\">Satori<\/span><\/i><span style=\"font-weight: 400;\"> un <\/span><i><span style=\"font-weight: 400;\">M\u016bzikas Saule<\/span><\/i><span style=\"font-weight: 400;\">, un projekt\u0101 <\/span><i><span style=\"font-weight: 400;\">grupusaites.lv<\/span><\/i><span style=\"font-weight: 400;\"> p\u0113ta Latvijas m\u016bzikas kopienas. Pats muzic\u0113 vair\u0101kos rokm\u016bzikas projektos un diri\u0123\u0113 skolas kori. <\/span><b>Eva <\/b><span style=\"font-weight: 400;\">ir \u017eurn\u0101liste TVNET GRUP\u0100 un Latvijas Jauno zin\u0101tnieku apvien\u012bbas biedre. Vi\u0146a vada ar\u012b pretkorupcijas iniciat\u012bvu \u201cNulles tolerance pret korupciju\u201d biedr\u012bb\u0101 <\/span><i><span style=\"font-weight: 400;\">Delna<\/span><\/i><span style=\"font-weight: 400;\"> un stud\u0113 doktorant\u016br\u0101 Latvijas Universit\u0101t\u0113, p\u0113tot politisko radikaliz\u0101ciju soci\u0101lajos t\u012bklos. <\/span><b>Daniela <\/b><span style=\"font-weight: 400;\">ir jauna zin\u0101tniece, kurai r\u016bp, lai STEM (<\/span><span style=\"font-weight: 400;\">Science, Technology, Engineering and Mathematics \u2013 zin\u0101tne, tehnolo\u0123ijas, in\u017eenierzin\u0101tnes un matem\u0101tika<\/span><span style=\"font-weight: 400;\">) jomas Latvij\u0101 nezaud\u0113tu interesi un dz\u012bv\u012bgumu. Vi\u0146a ne tikai akt\u012bvi str\u0101d\u0101 p\u0113tniec\u012bb\u0101, bet ar\u012b iedvesmo citus \u2013 Latvijas Valsts koksnes \u0137\u012bmijas instit\u016bt\u0101 izveidojusi Studentu padomi, p\u0101rst\u0101v jaunie\u0161u balsi, vada ekskursijas, piedal\u0101s izgl\u012btojo\u0161os pas\u0101kumos un ar entuziasmu st\u0101sta par zin\u0101tnieka darbu. Daniela darbojas ar\u012b Latvijas Jauno zin\u0101tnieku apvien\u012bbas vald\u0113.\u00a0<\/span><\/p>\n<p><span style=\"font-weight: 400;\">Atskatoties uz pas\u0101kumu, <\/span><b>Linards<\/b><span style=\"font-weight: 400;\"> st\u0101sta: \u201c<\/span><span style=\"font-weight: 400;\">Pasaules maz\u0101kaj\u0101 skatuv\u0113 zin\u0101tniekus interv\u0113ju jau otro gadu. Un par \u0161o skatuvi man ir radies priek\u0161stats, ka t\u0101 ir vieta, kur kautr\u012bgie zin\u0101tnieki atstatus no p\u0101r\u0113j\u0101s Lampas notikumiem satiekas, iepaz\u012bstas un veido savu sabiedr\u012bbu. Atbalsta viens otru, pal\u012bdz pacelt viens otram pa\u0161apzi\u0146u un ar\u012b mazliet no <\/span><span style=\"font-weight: 400;\">malas v\u0113ro &#8211; kas notiek taj\u0101 lielaj\u0101 Lampas murskul\u012b C\u0113su pilsdrup\u0101s. Diez cik gadi v\u0113l paies l\u012bdz jaunie zin\u0101tnieki sa\u0146ems d\u016b\u0161u un ies pie p\u0101r\u0113jiem uz lielo burzi\u0146u. Bet varb\u016bt tas nemaz nav vajadz\u012bgs? Man pa\u0161am bija tas gods \u0161ogad sarun\u0101ties ar pieciem zin\u0101tniekiem. Ar \u0161\u012b gada skatuves galveno organizatori un ar\u012b interv\u0113t\u0101ju Danielu Godi\u0146a pakav\u0113j\u0101mies pie l\u0113n\u0101s dom\u0101\u0161anas principa sadz\u012bv\u0113. Sarun\u0101 ar Rasmu P\u012bpi\u0137i piesk\u0101r\u0101mies dzi\u013c\u0101s da\u017e\u0101d\u012bbas konceptam un s\u0101ku saprast k\u0101p\u0113c kolekt\u012bvi, kuri veicina un atrod telpu da\u017e\u0101d\u012bbai ir veiksm\u012bg\u0101ki par tiem kuros pulc\u0113j\u0101s tikai l\u012bdz\u012bgi dom\u0101jo\u0161i cilv\u0113ki. Saruna ar Brigitu Dejus izgaismoja cilv\u0113ces svar\u012bg\u0101k\u0101 resursa &#8211; \u016bdens sare\u017e\u0123\u012bt\u0101kos aspektus. J\u0101nis Lazovskis iepaz\u012bstin\u0101ja Pasaules maz\u0101k\u0101s skatuves publiku ar matem\u0101tikas atzara &#8211; topolo\u0123ijas principiem. Spilgti atceros k\u0101 J\u0101nis izteica cer\u012bbu, ka k\u0101dreiz n\u0101kotn\u0113 b\u016bs v\u0113l k\u0101ds \u0161\u012bs jomas p\u0101rst\u0101vis ar kuru par topolo\u0123iju var\u0113s parun\u0101ties latviski. Bet no sarunas par riskiem ar J\u0101ni Ru\u0161ko atmi\u0146\u0101 palika J\u0101\u0146a emp\u0101tija pret politi\u0137iem. J\u0101nis past\u0101st\u012bja cik reiz\u0113m gr\u016bti pie\u0146emt inform\u0113tu<\/span><span style=\"font-weight: 400;\">s un atbild\u012bgus l\u0113mumus un k\u0101 J\u0101\u0146a noda\u013ca instit\u016bt\u0101 pal\u012bdz l\u0113mumu pie\u0146\u0113m\u0113jiem b\u016bt maksim\u0101li inform\u0113tiem.<\/span><span style=\"font-weight: 400;\">\u201d<\/span><\/p>\n<p style=\"text-align: center;\"><img decoding=\"async\" class=\"wp-image-7569 aligncenter\" src=\"https:\/\/jauniezinatnieki.lv\/wp-content\/uploads\/2025\/08\/cc83746b-e63e-433c-8521-c221b0206b8b-scaled.jpg\" alt=\"\" width=\"373\" height=\"560\" srcset=\"https:\/\/jauniezinatnieki.lv\/wp-content\/uploads\/2025\/08\/cc83746b-e63e-433c-8521-c221b0206b8b-scaled.jpg 1364w, https:\/\/jauniezinatnieki.lv\/wp-content\/uploads\/2025\/08\/cc83746b-e63e-433c-8521-c221b0206b8b-240x360.jpg 240w, https:\/\/jauniezinatnieki.lv\/wp-content\/uploads\/2025\/08\/cc83746b-e63e-433c-8521-c221b0206b8b-682x1024.jpg 682w, https:\/\/jauniezinatnieki.lv\/wp-content\/uploads\/2025\/08\/cc83746b-e63e-433c-8521-c221b0206b8b-768x1153.jpg 768w, https:\/\/jauniezinatnieki.lv\/wp-content\/uploads\/2025\/08\/cc83746b-e63e-433c-8521-c221b0206b8b-1023x1536.jpg 1023w, https:\/\/jauniezinatnieki.lv\/wp-content\/uploads\/2025\/08\/cc83746b-e63e-433c-8521-c221b0206b8b-8x12.jpg 8w\" sizes=\"(max-width: 373px) 100vw, 373px\" \/>Lampas moderatori (no kreis\u0101s) <strong>Linards Kalni\u0146\u0161<\/strong> un <strong>Eva Gaigalniece<\/strong><\/p>\n<p><b>Eva<\/b><span style=\"font-weight: 400;\"> uzsver: \u201c<\/span><span style=\"font-weight: 400;\">Viens no p\u0101rsteidzo\u0161\u0101kajiem atkl\u0101jumiem bija \u0137\u012bmi\u0137a Eduarda Ba\u0137a skaidrojums par \u0137\u012bmijas p\u0113tniec\u012bbu. Vi\u0146apr\u0101t, &#8220;dom\u0101 l\u0113ni&#8221; noz\u012bm\u0113 atgriezties pie vielu b\u016bt\u012bbas \u2013 pie\u0146emt, ka \u0137\u012bmija nav tikai reakcijas vien\u0101dojums, bet process, kas prasa paciet\u012bbu, dizainu un dom\u0101\u0161anas ilgtsp\u0113ju. \u0160\u012b analo\u0123ija starp rado\u0161umu un precizit\u0101ti atkl\u0101ja man daudz jauna un nezin\u0101ma par \u0137\u012bmi\u0137u daudzpus\u012bgo ikdienu. Savuk\u0101rt p\u0113tniece Tatjana Pladere aicin\u0101ja paskat\u012bties uz pasauli caur citu ac\u012bm, atkl\u0101jot, ka redze nav tikai redzes asums, bet uztveres process, kur\u0101 lomas sp\u0113l\u0113 pieredze, uzman\u012bba un gaidas. \u012apa\u0161i aizraujo\u0161i bija uzzin\u0101t par to, k\u0101 virtu\u0101l\u0101 realit\u0101te pal\u012bdz lab\u0101k uztvert m\u0101c\u012bbu vielu un k\u0101 att\u012bst\u012bsies virtu\u0101lo bri\u013c\u013cu pielietojums tuv\u0101kaj\u0101 n\u0101kotn\u0113. B\u016btiskus un p\u0101rdomas raisino\u0161us jaut\u0101jumus akcent\u0113ja \u0101rsta Kristi\u0101na H\u0161\u010danovi\u010da intervija par inform\u0101cijas un emocion\u0101l\u0101 trok\u0161\u0146a ietekmi medic\u012bn\u0101. K\u0101 vi\u0146\u0161 konstat\u0113ja, \u201czi\u0146u \u0101trums un apjoms rada milz\u012bgu troksni, kas apgr\u016btina skaidru dom\u0101\u0161anu\u201d. Biedr\u012bbas \u201cRado\u0161\u0101s Idejas\u201d vad\u012bt\u0101ja Sanita Putni\u0146a iedvesmojo\u0161\u0101 sarun\u0101 akcent\u0113ja, k\u0101 2011. gad\u0101 kop\u0101 ar domubiedriem nodibin\u0101ja biedr\u012bbu, kuras idejas laika gait\u0101 ir piesaist\u012bju\u0161as vair\u0101k nek\u0101 40 biedrus, da\u017e\u0101du nozaru speci\u0101listus un apjom\u012bgus, sabiedr\u012bbai noz\u012bm\u012bgus projektus. Sarun\u0101 ar pas\u0101kuma lieldraugu un atbalst\u012bt\u0101ju AS &#8220;Latvijas Finiera&#8221; valdes locekli M\u0101ri B\u016bmani diskut\u0113j\u0101m par l\u0113mumu pie\u0146em\u0161anu uz\u0146\u0113m\u0113jdarb\u012bb\u0101, secinot, ka ilgtsp\u0113j\u012bgi l\u0113mumi bie\u017ei vien prasa r\u016bp\u012bgi izv\u0113rt\u0113t \u201cza\u013c\u0101 kursa\u201d <\/span><i><span style=\"font-weight: 400;\">(Za\u013cais kurss ir Eiropas Savien\u012bbas strat\u0113\u0123ija, kuras m\u0113r\u0137is ir l\u012bdz 2050. gadam pan\u0101kt klimatneitralit\u0101ti, veicinot ilgtsp\u0113j\u012bgu ekonomiku, atjaunojamo resursu izmanto\u0161anu un dabas aizsardz\u012bbu)<\/span><\/i><span style=\"font-weight: 400;\"> un inov\u0101ciju aspektus.<\/span><span style=\"font-weight: 400;\">\u201d<\/span><\/p>\n<p style=\"text-align: center;\"><img decoding=\"async\" class=\"wp-image-7568 aligncenter\" src=\"https:\/\/jauniezinatnieki.lv\/wp-content\/uploads\/2025\/08\/249926ee-039f-4642-9d01-9bec7f091612-scaled.jpg\" alt=\"\" width=\"352\" height=\"528\" srcset=\"https:\/\/jauniezinatnieki.lv\/wp-content\/uploads\/2025\/08\/249926ee-039f-4642-9d01-9bec7f091612-scaled.jpg 1365w, https:\/\/jauniezinatnieki.lv\/wp-content\/uploads\/2025\/08\/249926ee-039f-4642-9d01-9bec7f091612-240x360.jpg 240w, https:\/\/jauniezinatnieki.lv\/wp-content\/uploads\/2025\/08\/249926ee-039f-4642-9d01-9bec7f091612-682x1024.jpg 682w, https:\/\/jauniezinatnieki.lv\/wp-content\/uploads\/2025\/08\/249926ee-039f-4642-9d01-9bec7f091612-768x1152.jpg 768w, https:\/\/jauniezinatnieki.lv\/wp-content\/uploads\/2025\/08\/249926ee-039f-4642-9d01-9bec7f091612-1024x1536.jpg 1024w, https:\/\/jauniezinatnieki.lv\/wp-content\/uploads\/2025\/08\/249926ee-039f-4642-9d01-9bec7f091612-8x12.jpg 8w\" sizes=\"(max-width: 352px) 100vw, 352px\" \/>Lampas moderatori (no kreis\u0101s) <strong>Linards Kalni\u0146\u0161<\/strong> un <strong>Daniela Godi\u0146a<\/strong><\/p>\n<p><span style=\"font-weight: 400;\">Ar saviem iespaidiem dal\u0101s <\/span><b>Daniela<\/b><span style=\"font-weight: 400;\">: \u201c\u0160ogad man bija iesp\u0113ja b\u016bt da\u013cai no Sarunu festiv\u0101la Lampa \u2014 ne tikai k\u0101 klaus\u012bt\u0101jai vai skat\u012bt\u0101jai, bet k\u0101 moderatorei uz Pasaules maz\u0101k\u0101s skatuves. T\u0101 bija platforma, kur liela uzman\u012bba tiek velt\u012bta nevis ska\u013c\u0101kajam run\u0101t\u0101jam, bet paties\u0101m sarun\u0101m \u2013 tuv\u0101m, atkl\u0101t\u0101m un cilv\u0113c\u012bg\u0101m. Moder\u0113t intervijas \u0161\u0101d\u0101 form\u0101t\u0101 bija gan izaicin\u0101jums, gan prieks. Tas iem\u0101c\u012bja man klaus\u012bties, sajust dinamiku, b\u016bt kl\u0101teso\u0161ai un reiz\u0113m improviz\u0113t. Viens no b\u016btisk\u0101kajiem br\u012b\u017eiem sarun\u0101 ar vesel\u012bbas psiholo\u0123i Krist\u012bni \u0160neideri bija vi\u0146as uzsvars uz eid\u017eisma* ietekmi sabiedr\u012bb\u0101. Vi\u0146a lika aizdom\u0101ties, cik bie\u017ei vecums tiek uztverts k\u0101 ierobe\u017eojums, nevis k\u0101 pieredzes un brieduma laiks. \u012apa\u0161i p\u0101rdomas rais\u012bja Krist\u012bnes teiktais par to, ka noveco\u0161anas jaut\u0101jumus b\u016btu j\u0101s\u0101k skaidrot jau skol\u0101s, lai nojauktu aizspriedumus starp paaudz\u0113m. Sarun\u0101 ar D\u0101vi E\u0146\u0123eli aizr\u0101va vi\u0146a sp\u0113ja sasaist\u012bt m\u016bziku ar akustisk\u0101s ekolo\u0123ijas jaut\u0101jumiem. D\u0101vis uzsv\u0113ra, ka trok\u0161\u0146i un klusums m\u016bsu ikdien\u0101 nav tikai fona par\u0101d\u012bbas \u2013 tie ietekm\u0113 gan kult\u016bru, gan to, k\u0101 m\u0113s uztveram m\u016bziku. \u0160\u012b atzi\u0146a lika aizdom\u0101ties, cik maz m\u0113s apzin\u0101mies akustisko vidi, kur\u0101 dz\u012bvojam. \u012apa\u0161i aizraujo\u0161i bija dzird\u0113t, k\u0101 vi\u0146\u0161 aprakst\u012bja m\u016bzikas klaus\u012b\u0161anos k\u0101 pieredzi, kas vieno cilv\u0113kus, nevis tikai k\u0101 est\u0113tisku baud\u012bjumu. Tas par\u0101d\u012bja, cik cie\u0161i rado\u0161ums un zin\u0101tne var b\u016bt saviju\u0161ies. Sarun\u0101 ar inov\u0101ciju eksperti Annu Stik\u0101ni mani uzrun\u0101ja vi\u0146as skaidrojums par to, cik ilgs un daudzsl\u0101\u0146ains ir ce\u013c\u0161 no zin\u0101tnes idejas l\u012bdz re\u0101lam, sabiedr\u012bbai pieejamam produktam. Vi\u0146a uzsv\u0113ra, ka bez sadarb\u012bbas \u2013 starp zin\u0101tniekiem, uz\u0146\u0113m\u0113jiem, juristiem, investoriem un sabiedr\u012bbu \u2013 inov\u0101cija neatt\u012bst\u0101s. Vi\u0146as teiktais par tehnolo\u0123iju p\u0101rnesi k\u0101 \u201catbalsta eksperiment\u0113\u0161anu\u201d atkl\u0101ja man jaunu skat\u012bjumu uz zin\u0101tnes ietekmi \u0101rpus laboratorijas. L\u0113n\u0101 dom\u0101\u0161ana \u0161eit izpau\u017eas k\u0101 prasme veidot uztic\u0113\u0161anos, dialogu un ilgtsp\u0113j\u012bgas idejas, kas savieno da\u017e\u0101dus cilv\u0113kus kop\u012bgam m\u0113r\u0137im.\u201d<\/span><\/p>\n<h5 style=\"text-align: center;\"><span style=\"font-weight: 400;\">KO SAKA JAUNIE UN TOPO\u0160IE ZIN\u0100TNIEKI?<\/span><\/h5>\n<h6><b>Krist\u012bne \u0160neidere par dom\u0101\u0161anu<\/b><\/h6>\n<p style=\"text-align: center;\"><img loading=\"lazy\" decoding=\"async\" class=\"wp-image-7570 aligncenter\" src=\"https:\/\/jauniezinatnieki.lv\/wp-content\/uploads\/2025\/08\/32dec9dd-c3f9-4462-812c-53f691b0453d-scaled.jpg\" alt=\"\" width=\"499\" height=\"333\" srcset=\"https:\/\/jauniezinatnieki.lv\/wp-content\/uploads\/2025\/08\/32dec9dd-c3f9-4462-812c-53f691b0453d-scaled.jpg 2048w, https:\/\/jauniezinatnieki.lv\/wp-content\/uploads\/2025\/08\/32dec9dd-c3f9-4462-812c-53f691b0453d-360x240.jpg 360w, https:\/\/jauniezinatnieki.lv\/wp-content\/uploads\/2025\/08\/32dec9dd-c3f9-4462-812c-53f691b0453d-1024x682.jpg 1024w, https:\/\/jauniezinatnieki.lv\/wp-content\/uploads\/2025\/08\/32dec9dd-c3f9-4462-812c-53f691b0453d-768x512.jpg 768w, https:\/\/jauniezinatnieki.lv\/wp-content\/uploads\/2025\/08\/32dec9dd-c3f9-4462-812c-53f691b0453d-1536x1023.jpg 1536w, https:\/\/jauniezinatnieki.lv\/wp-content\/uploads\/2025\/08\/32dec9dd-c3f9-4462-812c-53f691b0453d-18x12.jpg 18w\" sizes=\"(max-width: 499px) 100vw, 499px\" \/>Att\u0113l\u0101 no kreis\u0101s: <strong>Krist\u012bne \u0160neidere, Daniela Godi\u0146a<\/strong><\/p>\n<p><span style=\"font-weight: 400;\">Krist\u012bne sarun\u0101 atkl\u0101ja:<\/span><\/p>\n<blockquote><p><span style=\"font-weight: 400;\"> \u201cNoveco\u0161anu bie\u017ei uztver negat\u012bvi, ta\u010du t\u0101 var b\u016bt ar\u012b izaugsmes un brieduma laiks. Latvij\u0101 joproj\u0101m ir izplat\u012bts eid\u017eisms* \u2013 vecums tiek uztverts k\u0101 trauc\u0113klis, nevis v\u0113rt\u012bba, un tas ietekm\u0113 gan sabiedr\u012bbas attieksmi, gan pakalpojumu pieejam\u012bbu. Aizspriedumi par\u0101d\u0101s jau pusm\u016b\u017e\u0101, lai gan tie\u0161i \u0161aj\u0101 posm\u0101 cilv\u0113ki ar uzkr\u0101to pieredzi sp\u0113j sniegt visliel\u0101ko pienesumu. T\u0101p\u0113c, Krist\u012bne uzskata, ka izpratne par noveco\u0161anu j\u0101veido jau skol\u0101, stiprinot paaud\u017eu saikni. Noveco\u0161ana ir individu\u0101ls process, ko ietekm\u0113 \u0123en\u0113tika, vide un soci\u0101l\u0101s attiec\u012bbas. P\u0113t\u012bjumi r\u0101da, ka soci\u0101l\u0101 iesaiste un da\u017e\u0101das dz\u012bves pieredzes pal\u012bdz saglab\u0101t lab\u0101ku atmi\u0146u un pr\u0101ta sp\u0113jas. Joproj\u0101m past\u0101v m\u012bts, ka noveco\u0161ana noz\u012bm\u0113 demenci, ta\u010du t\u0101 ir patolo\u0123isks, nevis neizb\u0113gams process. Agr\u012bna diagnostika ir b\u016btiska, un \u0161obr\u012bd tiek izstr\u0101d\u0101ts jauns kognit\u012bv\u0101s vesel\u012bbas skr\u012bninga r\u012bks (RiTA), kas \u013caus riskus atkl\u0101t laikus ar\u012b \u0123imenes \u0101rsta praks\u0113.\u201d<\/span><\/p><\/blockquote>\n<p><span style=\"font-weight: 400;\">Interviju ar Krist\u012bni klausies <\/span><a href=\"https:\/\/www.youtube.com\/watch?v=peT22pE9sLk&amp;t=859s\"><span style=\"font-weight: 400;\">\u0161eit<\/span><\/a><\/p>\n<p>* <span style=\"font-weight: 400;\">Eid\u017eisms: komplekss stereotipu un aizspriedumu kopums, kas balst\u0101s uz vecumu. Tas ietver negat\u012bvus pie\u0146\u0113mumus, piem\u0113ram, ka jaunie\u0161i ir nenopietni un ka vec\u0101ka gadag\u0101juma cilv\u0113ki nav produkt\u012bvi. Eid\u017eisms var b\u016bt gan atkl\u0101ts, gan netie\u0161s un ietekm\u0113t gan indiv\u012bdus, gan instit\u016bcijas. Eid\u017eisms darba kontekst\u0101 izpau\u017eas gan pret gados jaun\u0101kiem, gan gados vec\u0101kiem darbiniekiem. Izplat\u012bt\u0101kie stereotipi darba vid\u0113 ir, ka jaunie darbinieki ir neuzticami vai nenobriedu\u0161i, savuk\u0101rt gados vec\u0101ki darbinieki nav tehnolo\u0123iski zino\u0161i, \u201cnesp\u0113j piel\u0101goties\u201d p\u0101rmai\u0146\u0101m vai nav motiv\u0113ti m\u0101c\u012bties. \u0160\u0101di pie\u0146\u0113mumi un aizspriedumi veicina nevienl\u012bdz\u012bgu attieksmi un kav\u0113 starppaaud\u017eu sadarb\u012bbu.<\/span><\/p>\n<h6><b>Rasma P\u012bpi\u0137e par dzi\u013co da\u017e\u0101d\u012bbu<\/b><\/h6>\n<p style=\"text-align: center;\"><img loading=\"lazy\" decoding=\"async\" class=\"wp-image-7571 aligncenter\" src=\"https:\/\/jauniezinatnieki.lv\/wp-content\/uploads\/2025\/08\/1fd849f7-b1ba-458a-a466-a9395e88a5f4-scaled.jpg\" alt=\"\" width=\"295\" height=\"442\" srcset=\"https:\/\/jauniezinatnieki.lv\/wp-content\/uploads\/2025\/08\/1fd849f7-b1ba-458a-a466-a9395e88a5f4-scaled.jpg 1366w, https:\/\/jauniezinatnieki.lv\/wp-content\/uploads\/2025\/08\/1fd849f7-b1ba-458a-a466-a9395e88a5f4-240x360.jpg 240w, https:\/\/jauniezinatnieki.lv\/wp-content\/uploads\/2025\/08\/1fd849f7-b1ba-458a-a466-a9395e88a5f4-683x1024.jpg 683w, https:\/\/jauniezinatnieki.lv\/wp-content\/uploads\/2025\/08\/1fd849f7-b1ba-458a-a466-a9395e88a5f4-768x1152.jpg 768w, https:\/\/jauniezinatnieki.lv\/wp-content\/uploads\/2025\/08\/1fd849f7-b1ba-458a-a466-a9395e88a5f4-1024x1536.jpg 1024w, https:\/\/jauniezinatnieki.lv\/wp-content\/uploads\/2025\/08\/1fd849f7-b1ba-458a-a466-a9395e88a5f4-8x12.jpg 8w\" sizes=\"(max-width: 295px) 100vw, 295px\" \/><strong>Rasma P\u012bpi\u0137e<\/strong> sarunu festiv\u0101l\u0101 &#8220;Lampa&#8221;<\/p>\n<p><span style=\"font-weight: 400;\">Rasma uzsver:<\/span><\/p>\n<blockquote><p><span style=\"font-weight: 400;\">\u201cGatavojoties intervijai \u201cDom\u0101 l\u0113ni\u201d Pasaules maz\u0101kaj\u0101 skatuv\u0113 festiv\u0101l\u0101 LAMPA, notikumu daudzums ne\u013c\u0101va aizrauties ar r\u016bp\u012bgu pl\u0101no\u0161anu. Uzzinot, ka mani interv\u0113s Linards Kalni\u0146\u0161, nodom\u0101ju \u2013 tas b\u016bs sare\u017e\u0123\u012bti. Linards prot b\u016bt \u201csare\u017e\u0123\u012bts\u201d \u2013 vi\u0146\u0161 uzdod \u0161\u0137ietami vienk\u0101r\u0161us jaut\u0101jumus, uz kuriem atbild\u0113t, paties\u012bb\u0101, ir visgr\u016bt\u0101k. Tas atveda mani pie b\u016btiska secin\u0101juma par zin\u0101tnes komunik\u0101ciju: sare\u017e\u0123\u012bti koncepti un teorijas j\u0101sp\u0113j izskaidrot cilv\u0113kiem, kuri ar \u0161o t\u0113mu saskaras pirmo reizi, iesp\u0113jams ar\u012b p\u0113d\u0113jo. Tikai t\u0101 var rad\u012bt motiv\u0101ciju klaus\u012bties un saprast. P\u0113c intervijas nebiju piln\u012bb\u0101 apmierin\u0101ta ar savu sniegumu, ta\u010du, noklausoties ierakstu v\u0113l\u0101k, sapratu, ka taj\u0101 skaidroti visi sist\u0113misk\u0101s da\u017e\u0101d\u012bbas vad\u012bbas pamatelementi \u2013 virspus\u0113j\u0101 un padzi\u013cin\u0101t\u0101 l\u012bme\u0146a da\u017e\u0101d\u012bba un cilv\u0113ks. \u0160\u012b pieredze man deva v\u0113l liel\u0101ku motiv\u0101ciju piev\u0113rsties disert\u0101cijas darbam. Paldies LJZA par iesp\u0113ju!\u201d<\/span><\/p><\/blockquote>\n<p><span style=\"font-weight: 400;\">Interviju ar Rasmu klausies <\/span><a href=\"https:\/\/www.youtube.com\/watch?v=peT22pE9sLk&amp;t=859s\"><span style=\"font-weight: 400;\">\u0161eit<\/span><\/a><\/p>\n<h6><b>D\u0101vis E\u0146\u0123elis par m\u016bziku<\/b><\/h6>\n<p style=\"text-align: center;\"><img loading=\"lazy\" decoding=\"async\" class=\"wp-image-7572 aligncenter\" src=\"https:\/\/jauniezinatnieki.lv\/wp-content\/uploads\/2025\/08\/1856f133-eb24-494b-b33e-9eaef0d407dc-scaled.jpg\" alt=\"\" width=\"509\" height=\"339\" srcset=\"https:\/\/jauniezinatnieki.lv\/wp-content\/uploads\/2025\/08\/1856f133-eb24-494b-b33e-9eaef0d407dc-scaled.jpg 2048w, https:\/\/jauniezinatnieki.lv\/wp-content\/uploads\/2025\/08\/1856f133-eb24-494b-b33e-9eaef0d407dc-360x240.jpg 360w, https:\/\/jauniezinatnieki.lv\/wp-content\/uploads\/2025\/08\/1856f133-eb24-494b-b33e-9eaef0d407dc-1024x682.jpg 1024w, https:\/\/jauniezinatnieki.lv\/wp-content\/uploads\/2025\/08\/1856f133-eb24-494b-b33e-9eaef0d407dc-768x512.jpg 768w, https:\/\/jauniezinatnieki.lv\/wp-content\/uploads\/2025\/08\/1856f133-eb24-494b-b33e-9eaef0d407dc-1536x1023.jpg 1536w, https:\/\/jauniezinatnieki.lv\/wp-content\/uploads\/2025\/08\/1856f133-eb24-494b-b33e-9eaef0d407dc-18x12.jpg 18w\" sizes=\"(max-width: 509px) 100vw, 509px\" \/>Att\u0113l\u0101 no kreis\u0101s: <strong>D\u0101vis E\u0146\u0123elis, Daniela Godi\u0146a<\/strong><\/p>\n<p><span style=\"font-weight: 400;\">D\u0101vis saka: <\/span><\/p>\n<blockquote><p><span style=\"font-weight: 400;\">\u201cVispirms paldies par iesp\u0113ju piedal\u012bties un sarun\u0101ties uz LJZA skatuves! Bija \u013coti bag\u0101tino\u0161i apmain\u012bties dom\u0101m ar p\u0113tniekiem no cit\u0101m zin\u0101tnes nozar\u0113m un pils\u0113tas centr\u0101, ma\u0161\u012bn\u0101m gar\u0101m braucot, iepaz\u012bties ar jauniem kol\u0113\u0123iem. Uzslavas LJZA par izcilo organiz\u0113\u0161anu! Turpce\u013c\u0101 uz C\u0113s\u012bm pr\u0101ts kav\u0113j\u0101s ap disert\u0101cijas tematiem \u2013 t\u0113lain\u0101s valodas anal\u012bzi un jaut\u0101jumu, k\u0101 par to visu past\u0101st\u012bt vienk\u0101r\u0161iem, saprotamiem v\u0101rdiem. Ta\u010du saruna ar Danielu\u00a0 izv\u0113rt\u0101s pavisam cit\u0101da \u2013 par m\u016bziku un t\u0101s klaus\u012b\u0161anos daudz pla\u0161\u0101kos un ikdieni\u0161\u0137\u0101kos kontekstos. Run\u0101j\u0101m par trok\u0161\u0146iem un klusumu \u2013 akustisk\u0101s ekolo\u0123ijas j\u0113dzieniem, kas ir viens no maniem p\u0113tniec\u012bbas laukiem un kur\u0101 v\u0113l daudz paveicams. Sarun\u0101j\u0101mies ar\u012b par m\u016bzikas klaus\u012b\u0161an\u0101s pieredz\u0113m, t\u0101s nov\u0113rt\u0113\u0161anu un vietu kult\u016br\u0101. Bija svar\u012bgi atcer\u0113ties, ka m\u016bziku ne tikai j\u0101dzird, bet ar\u012b par to j\u0101run\u0101.\u201d<\/span><\/p><\/blockquote>\n<p><span style=\"font-weight: 400;\">Interviju ar D\u0101vi klausies <\/span><a href=\"https:\/\/www.youtube.com\/watch?v=peT22pE9sLk&amp;t=859s\"><span style=\"font-weight: 400;\">\u0161eit<\/span><\/a><\/p>\n<h6><b>Brigita Dejus par \u016bdeni<\/b><\/h6>\n<p style=\"text-align: center;\"><img loading=\"lazy\" decoding=\"async\" class=\"wp-image-7573 aligncenter\" src=\"https:\/\/jauniezinatnieki.lv\/wp-content\/uploads\/2025\/08\/af884d15-fd10-43b2-b2e9-685144ee345f-scaled.jpg\" alt=\"\" width=\"505\" height=\"336\" srcset=\"https:\/\/jauniezinatnieki.lv\/wp-content\/uploads\/2025\/08\/af884d15-fd10-43b2-b2e9-685144ee345f-scaled.jpg 2048w, https:\/\/jauniezinatnieki.lv\/wp-content\/uploads\/2025\/08\/af884d15-fd10-43b2-b2e9-685144ee345f-360x240.jpg 360w, https:\/\/jauniezinatnieki.lv\/wp-content\/uploads\/2025\/08\/af884d15-fd10-43b2-b2e9-685144ee345f-1024x682.jpg 1024w, https:\/\/jauniezinatnieki.lv\/wp-content\/uploads\/2025\/08\/af884d15-fd10-43b2-b2e9-685144ee345f-768x512.jpg 768w, https:\/\/jauniezinatnieki.lv\/wp-content\/uploads\/2025\/08\/af884d15-fd10-43b2-b2e9-685144ee345f-1536x1023.jpg 1536w, https:\/\/jauniezinatnieki.lv\/wp-content\/uploads\/2025\/08\/af884d15-fd10-43b2-b2e9-685144ee345f-18x12.jpg 18w\" sizes=\"(max-width: 505px) 100vw, 505px\" \/>Att\u0113l\u0101 no kreis\u0101s <strong>Brigita Dejus <\/strong>un <strong>Linards Kalni\u0146\u0161<\/strong><\/p>\n<p><span style=\"font-weight: 400;\">Intervij\u0101 Brigita atkl\u0101ja, ka dz\u012bv\u0101 daba, vide un biolo\u0123ija vi\u0146u interes\u0113jusi jau kop\u0161 pamatskolas, un jau vidusskol\u0101 bija skaidrs \u2013 vi\u0146a v\u0113las stud\u0113t dabaszin\u0101tnes, \u012bpa\u0161i saist\u012bb\u0101 ar dzeramo \u016bdeni. Dzeramais \u016bdens ir resurss, bez kura nevar izdz\u012bvot neviena dz\u012bva rad\u012bba, tai skait\u0101 ar\u012b cilv\u0113ks. Sarun\u0101 Brigita uzsv\u0113ra, ka Latvij\u0101 un Baltijas re\u0123ion\u0101 mums ir gana lieli pazemes \u016bdens resursi un kvalitat\u012bvs dzeramais \u016bdens ir br\u012bvi pieejams, ta\u010du tas nenoz\u012bm\u0113, ka varam b\u016bt bezatbild\u012bgi. Vi\u0146a ar\u012b klied\u0113ja vair\u0101kus sabiedr\u012bb\u0101 izplat\u012btus m\u012btus par dzeramo \u016bdeni un t\u0101 kvalit\u0101ti. Brigita aicin\u0101ja dom\u0101t l\u0113ni par \u016bdens n\u0101kotni \u2013 atbild\u012bgi izmantot resursus un pie\u0146emt ilgtsp\u0113j\u012bgus l\u0113mumus gan Latvij\u0101, gan pasaul\u0113. Vi\u0146a uzsv\u0113ra, ka \u016bdens ir m\u016bsu d\u0101rg\u0101kais resurss, kura saglab\u0101\u0161anai nepiecie\u0161ama ilgtermi\u0146a dom\u0101\u0161ana un r\u016bp\u012bga attieksme.<\/span><\/p>\n<p><span style=\"font-weight: 400;\">Interviju ar Brigitu klausies <\/span><a href=\"https:\/\/www.youtube.com\/watch?v=peT22pE9sLk&amp;t=859s\"><span style=\"font-weight: 400;\">\u0161eit<\/span><\/a><\/p>\n<h6><b>Anna Stik\u0101ne par inov\u0101cij\u0101m<\/b><\/h6>\n<p style=\"text-align: center;\"><img loading=\"lazy\" decoding=\"async\" class=\"wp-image-7574 aligncenter\" src=\"https:\/\/jauniezinatnieki.lv\/wp-content\/uploads\/2025\/08\/bfd27df5-fb77-4cd3-bf3f-f79e12092085-scaled.jpg\" alt=\"\" width=\"304\" height=\"456\" srcset=\"https:\/\/jauniezinatnieki.lv\/wp-content\/uploads\/2025\/08\/bfd27df5-fb77-4cd3-bf3f-f79e12092085-scaled.jpg 1366w, https:\/\/jauniezinatnieki.lv\/wp-content\/uploads\/2025\/08\/bfd27df5-fb77-4cd3-bf3f-f79e12092085-240x360.jpg 240w, https:\/\/jauniezinatnieki.lv\/wp-content\/uploads\/2025\/08\/bfd27df5-fb77-4cd3-bf3f-f79e12092085-683x1024.jpg 683w, https:\/\/jauniezinatnieki.lv\/wp-content\/uploads\/2025\/08\/bfd27df5-fb77-4cd3-bf3f-f79e12092085-768x1152.jpg 768w, https:\/\/jauniezinatnieki.lv\/wp-content\/uploads\/2025\/08\/bfd27df5-fb77-4cd3-bf3f-f79e12092085-1024x1536.jpg 1024w, https:\/\/jauniezinatnieki.lv\/wp-content\/uploads\/2025\/08\/bfd27df5-fb77-4cd3-bf3f-f79e12092085-8x12.jpg 8w\" sizes=\"(max-width: 304px) 100vw, 304px\" \/><strong>Anna Stik\u0101ne <\/strong>sarunu festiv\u0101l\u0101 &#8220;Lampa&#8221;<\/p>\n<p><span style=\"font-weight: 400;\">Anna st\u0101sta, ka \u0161\u012b bija saruna par inov\u0101cij\u0101m un sadarb\u012bbu \u2013 ce\u013cu, kas ved no zin\u0101tnes idej\u0101m l\u012bdz komercializ\u0113tam produktam. Paiet gadi, l\u012bdz \u0137\u012bmisks savienojums ar potenci\u0101li medic\u012bnisku iedarb\u012bbu non\u0101k tablet\u0113, ko iesp\u0113jams nopirkt aptiek\u0101. Inov\u0101ciju process balst\u0101s uz pla\u0161u sadarb\u012bbu \u2013 starp zin\u0101tniekiem, gala pat\u0113r\u0113t\u0101jiem, tirgus dal\u012bbniekiem, investoriem, juristiem, patentve\u017eiem, mentoriem un kol\u0113\u0123iem, kas kop\u0101 veido inov\u0101ciju ekosist\u0113mu. Veiksm\u012bgai sadarb\u012bbai ir b\u016btiski att\u012bst\u012bt prasmes veidot dialogu starp da\u017e\u0101diem cilv\u0113kiem, uzdot jaut\u0101jumus, pras\u012bt pamatot un veidot uzticamas attiec\u012bbas. \u0160\u012bs prasmes rodas, uzdodot jaut\u0101jumus, p\u0113tot un eksperiment\u0113jot \u2013 ar\u012b \u0101rpus darba, da\u017e\u0101dos va\u013caspriekos. B\u016btisku atbalstu inov\u0101ciju att\u012bst\u012bb\u0101 sniedz tehnolo\u0123iju p\u0101rnese \u2013 sal\u012bdzino\u0161i jauna profesija, kas pal\u012bdz izgudrojumiem veiksm\u012bgi non\u0101kt \u0101rpus laboratorij\u0101m un tirg\u016b, palielinot to ietekmi.<\/span><\/p>\n<p><span style=\"font-weight: 400;\">Interviju ar Annu klausies <\/span><a href=\"https:\/\/www.youtube.com\/watch?v=peT22pE9sLk&amp;t=859s\"><span style=\"font-weight: 400;\">\u0161eit<\/span><\/a><span style=\"font-weight: 400;\">\u00a0<\/span><\/p>\n<h6><b>Eduards Ba\u0137is par \u0137\u012bmiju<\/b><\/h6>\n<p style=\"text-align: center;\"><img loading=\"lazy\" decoding=\"async\" class=\"wp-image-7575 aligncenter\" src=\"https:\/\/jauniezinatnieki.lv\/wp-content\/uploads\/2025\/08\/199563ce-e840-4844-a729-54424e3ea231-scaled.jpg\" alt=\"\" width=\"411\" height=\"274\" srcset=\"https:\/\/jauniezinatnieki.lv\/wp-content\/uploads\/2025\/08\/199563ce-e840-4844-a729-54424e3ea231-scaled.jpg 2048w, https:\/\/jauniezinatnieki.lv\/wp-content\/uploads\/2025\/08\/199563ce-e840-4844-a729-54424e3ea231-360x240.jpg 360w, https:\/\/jauniezinatnieki.lv\/wp-content\/uploads\/2025\/08\/199563ce-e840-4844-a729-54424e3ea231-1024x682.jpg 1024w, https:\/\/jauniezinatnieki.lv\/wp-content\/uploads\/2025\/08\/199563ce-e840-4844-a729-54424e3ea231-768x512.jpg 768w, https:\/\/jauniezinatnieki.lv\/wp-content\/uploads\/2025\/08\/199563ce-e840-4844-a729-54424e3ea231-1536x1023.jpg 1536w, https:\/\/jauniezinatnieki.lv\/wp-content\/uploads\/2025\/08\/199563ce-e840-4844-a729-54424e3ea231-18x12.jpg 18w\" sizes=\"(max-width: 411px) 100vw, 411px\" \/>Att\u0113l\u0101 no kreis\u0101s\u00a0<strong>Eduards Ba\u0137is<\/strong> un\u00a0<strong>Eva Gaigalniece<\/strong><\/p>\n<p><span style=\"font-weight: 400;\">Eduards atkl\u0101j:<\/span><\/p>\n<blockquote><p><span style=\"font-weight: 400;\">\u201cMans ce\u013c\u0161 zin\u0101tn\u0113 s\u0101k\u0101s agri \u2013 jau 5. vai 6. klas\u0113, eksperiment\u0113jot m\u0101j\u0101s. Tas bija iesp\u0113jams, jo \u0123imene un skola atbalst\u012bja interesi par zin\u0101tni, nevis uzspieda aizspriedumus, ka k\u0101da nozare ir gr\u016bta vai neinteresanta. Svar\u012bgi jaunie\u0161iem jau skolas laik\u0101 dot iesp\u0113ju iepaz\u012bt universit\u0101tes vidi, kur veidojas dzi\u013c\u0101ka interese par faktiem un p\u0113t\u012bjumos balst\u012btu dom\u0101\u0161anu. P\u0113tnieka ce\u013c\u0161 prasa l\u012bdzsvaru starp pasnieg\u0161anu un p\u0113tniec\u012bbu, un darbs bie\u017ei turpin\u0101s ar\u012b \u0101rpus ofici\u0101l\u0101 darba laika. Jaunajiem zin\u0101tniekiem Latvij\u0101 nepiecie\u0161ams m\u0113r\u0137\u0113ts valsts atbalsts p\u0113c doktorant\u016bras, lai vi\u0146i var\u0113tu att\u012bst\u012bt p\u0113tniec\u012bbu tepat. Latvijai ir sp\u0113c\u012bgas trad\u012bcijas organiskaj\u0101 sint\u0113z\u0113 un cietvielu fizik\u0101, tom\u0113r finans\u0113jums joproj\u0101m ir nepietiekams. Lai zin\u0101tne k\u013c\u016btu par sabiedr\u012bbas kult\u016bras da\u013cu, b\u016btiski ir atbalst\u012bt ar\u012b pedagogus \u2013 uzlabojot darba apst\u0101k\u013cus, palielinot presti\u017eu un stiprinot sp\u0113ju skol\u0113niem iem\u0101c\u012bt kritiski dom\u0101t un b\u016bt atv\u0113rtiem jaun\u0101m idej\u0101m.\u201d<\/span><\/p><\/blockquote>\n<p><span style=\"font-weight: 400;\">Interviju ar <\/span><span style=\"font-weight: 400;\">Eduardu klausies <\/span><a href=\"https:\/\/www.youtube.com\/watch?v=5tJDI-0EDJU\"><span style=\"font-weight: 400;\">\u0161eit<\/span><\/a><\/p>\n<h6><b>J\u0101nis Lazovskis par cipariem<\/b><\/h6>\n<p style=\"text-align: center;\"><img loading=\"lazy\" decoding=\"async\" class=\"wp-image-7576 aligncenter\" src=\"https:\/\/jauniezinatnieki.lv\/wp-content\/uploads\/2025\/08\/b3a73af2-a054-4e44-acca-ba39a0e1041d-scaled.jpg\" alt=\"\" width=\"285\" height=\"428\" srcset=\"https:\/\/jauniezinatnieki.lv\/wp-content\/uploads\/2025\/08\/b3a73af2-a054-4e44-acca-ba39a0e1041d-scaled.jpg 1365w, https:\/\/jauniezinatnieki.lv\/wp-content\/uploads\/2025\/08\/b3a73af2-a054-4e44-acca-ba39a0e1041d-240x360.jpg 240w, https:\/\/jauniezinatnieki.lv\/wp-content\/uploads\/2025\/08\/b3a73af2-a054-4e44-acca-ba39a0e1041d-682x1024.jpg 682w, https:\/\/jauniezinatnieki.lv\/wp-content\/uploads\/2025\/08\/b3a73af2-a054-4e44-acca-ba39a0e1041d-768x1153.jpg 768w, https:\/\/jauniezinatnieki.lv\/wp-content\/uploads\/2025\/08\/b3a73af2-a054-4e44-acca-ba39a0e1041d-1023x1536.jpg 1023w, https:\/\/jauniezinatnieki.lv\/wp-content\/uploads\/2025\/08\/b3a73af2-a054-4e44-acca-ba39a0e1041d-8x12.jpg 8w\" sizes=\"(max-width: 285px) 100vw, 285px\" \/><strong>J\u0101nis Lazovskis <\/strong>sarunu festilv\u0101l\u0101 &#8220;Lampa&#8221;<\/p>\n<p><span style=\"font-weight: 400;\">J\u0101nis sav\u0101 intervij\u0101 akcent\u0113ja:<\/span><\/p>\n<blockquote><p><span style=\"font-weight: 400;\">\u201cMatem\u0101tika ir m\u0101ksla, lai ar\u012b cik \u013coti m\u0113s censtos to ielikt \u0161auros un prec\u012bzos r\u0101mjos. T\u0101 var b\u016bt prec\u012bza un stingra, bet tikpat b\u016btiska ir pla\u0161\u0101, rado\u0161\u0101 un nenoteikt\u0101 matem\u0101tika, kas veido matem\u0101ti\u0137a ikdienu. Mana joma ir topolo\u0123ija \u2013 virsmu un telpu matem\u0101tika. T\u0101 prasa izt\u0113li un rado\u0161i z\u012bm\u0113tas diagrammas, lai aprakst\u012btu telpu \u012bpa\u0161\u012bbas. Ikdien\u0101 str\u0101d\u0101ju ar topolo\u0123iskiem apr\u0113\u0137iniem \u2013 visbie\u017e\u0101k matricu kolonnu kombin\u0101cij\u0101m \u2013, lai t\u0101s pa\u0101trin\u0101tu un savienotu ar datu telpu \u012bpa\u0161\u012bb\u0101m. Tas ir \u012bpa\u0161i noz\u012bm\u012bgi, veidojot telpas no datu kop\u0101m, kas nep\u0101rtraukti main\u0101s, piem\u0113ram, ja satel\u012bta att\u0113lam pieaug iz\u0161\u0137irtsp\u0113ja vai sensors p\u0101rst\u0101j darboties. \u0160o apr\u0113\u0137inu m\u0113r\u0137is ir atrast elegantus risin\u0101jumus, bet elegance prasa l\u0113nu dom\u0101\u0161anu \u2013 r\u016bp\u012bgi izsv\u0113rt telpas nianses, nesteidz\u012bgi t\u0101s z\u012bm\u0113t un iedom\u0101ties visus iesp\u0113jamos veidus, k\u0101 t\u0101s var main\u012bties.\u201d<\/span><\/p><\/blockquote>\n<p><span style=\"font-weight: 400;\">Interviju ar J\u0101ni klausies <\/span><a href=\"https:\/\/www.youtube.com\/watch?v=5tJDI-0EDJU\"><span style=\"font-weight: 400;\">\u0161eit<\/span><\/a><\/p>\n<h6><b>Tatjana Pladere par redzi<\/b><\/h6>\n<p style=\"text-align: center;\"><img loading=\"lazy\" decoding=\"async\" class=\"wp-image-7578 aligncenter\" src=\"https:\/\/jauniezinatnieki.lv\/wp-content\/uploads\/2025\/08\/7ce0b396-dc2f-44d1-90f4-b00fd4863fcf-scaled.jpg\" alt=\"\" width=\"504\" height=\"336\" srcset=\"https:\/\/jauniezinatnieki.lv\/wp-content\/uploads\/2025\/08\/7ce0b396-dc2f-44d1-90f4-b00fd4863fcf-scaled.jpg 2048w, https:\/\/jauniezinatnieki.lv\/wp-content\/uploads\/2025\/08\/7ce0b396-dc2f-44d1-90f4-b00fd4863fcf-360x240.jpg 360w, https:\/\/jauniezinatnieki.lv\/wp-content\/uploads\/2025\/08\/7ce0b396-dc2f-44d1-90f4-b00fd4863fcf-1024x682.jpg 1024w, https:\/\/jauniezinatnieki.lv\/wp-content\/uploads\/2025\/08\/7ce0b396-dc2f-44d1-90f4-b00fd4863fcf-768x512.jpg 768w, https:\/\/jauniezinatnieki.lv\/wp-content\/uploads\/2025\/08\/7ce0b396-dc2f-44d1-90f4-b00fd4863fcf-1536x1023.jpg 1536w, https:\/\/jauniezinatnieki.lv\/wp-content\/uploads\/2025\/08\/7ce0b396-dc2f-44d1-90f4-b00fd4863fcf-18x12.jpg 18w\" sizes=\"(max-width: 504px) 100vw, 504px\" \/>Att\u0113l\u0101 no kreis\u0101s\u00a0<strong>Tatjana Pladere<\/strong> un\u00a0<strong>Eva Gaigalniece<\/strong><\/p>\n<p><span style=\"font-weight: 400;\">Tatjana saka, ka ne vienm\u0113r interese par zin\u0101tni rodas jau b\u0113rn\u012bb\u0101, bet tas netrauc\u0113 k\u013c\u016bt par zin\u0101tnieku v\u0113l\u0101k\u0101 posm\u0101. Tatjana atceras, ka skolas gados vi\u0146u aizr\u0101va gan eksaktie, gan humanit\u0101rie priek\u0161meti, un p\u0113c skolas absolv\u0113\u0161anas vi\u0146ai nebija skaidra redz\u0113juma par n\u0101kotnes profesiju. Vi\u0146a pieteic\u0101s vair\u0101kiem studiju virzieniem un, netiekot bud\u017eeta viet\u0101 farm\u0101cij\u0101, uzs\u0101ka studijas optometrij\u0101, kur ar\u012b atrada savu aicin\u0101jumu \u2013 satura daudzveid\u012bbu un \u201cfizmatu garu\u201d. \u0160obr\u012bd Tatjana p\u0113ta, k\u0101 jaun\u0101k\u0101s tehnolo\u0123ijas ar ac\u012bm tuvu eso\u0161iem ekr\u0101niem ietekm\u0113 cilv\u0113ka redzes sist\u0113mu. Vi\u0146a uzsv\u0113ra, ka virtu\u0101l\u0101s un papla\u0161in\u0101t\u0101s realit\u0101tes strauj\u0101 att\u012bst\u012bba nenoz\u012bm\u0113, ka \u0161o tehnolo\u0123iju izmanto\u0161ana ir piln\u012bb\u0101 dro\u0161a, \u012bpa\u0161i b\u0113rniem. Turpm\u0101kaj\u0101 att\u012bst\u012bb\u0101 un p\u0113tniec\u012bb\u0101 b\u016btiska ir sadarb\u012bba starp da\u017e\u0101du nozaru p\u0113tniekiem un uz\u0146\u0113mumiem. Intervijas nosl\u0113gum\u0101 Tatjana atg\u0101din\u0101ja, ka ikviens var lab\u0101k r\u016bp\u0113ties par savu redzi, iev\u0113rojot speci\u0101listu ieteikumus.<\/span><\/p>\n<p><span style=\"font-weight: 400;\">Interviju ar Tatjanu klausies <\/span><a href=\"https:\/\/www.youtube.com\/watch?v=5tJDI-0EDJU\"><span style=\"font-weight: 400;\">\u0161eit<\/span><\/a><\/p>\n<h5 style=\"text-align: center;\"><span style=\"font-weight: 400;\">\u00a0\u012aSRUNU MARATONS &#8220;K\u0100 VEIKSM\u012aGI IZG\u0100ZTIES&#8221;<\/span><\/h5>\n<p><span style=\"font-weight: 400;\">LJZA aicin\u0101ja dom\u0101t l\u0113ni ar\u012b par neveiksm\u0113m \u2014 nevis k\u0101 par \u0161\u0137\u0113r\u0161\u013ciem, bet k\u0101 par neat\u0146emamu pieredzi, kas ved uz izaugsmi un atkl\u0101jumiem. Jauno\u00a0 zin\u0101tnieku \u012bsrunu maraton\u0101 \u201cK\u0101 veiksm\u012bgi izg\u0101zties?\u201d, kuru vad\u012bja LJZA valdes loceklis un zin\u0101tnisk\u0101 instit\u016bta \u201cBior\u201d p\u0113tnieks <\/span><b>Ingus P\u0113rkons<\/b><span style=\"font-weight: 400;\">, septi\u0146i p\u0113tnieki un p\u0113tnieces, zin\u0101tnieki un zin\u0101tnieces no da\u017e\u0101d\u0101m nozar\u0113m dal\u012bj\u0101s ar saviem neparast\u0101kajiem piedz\u012bvojumiem un k\u013c\u016bmju st\u0101stiem \u2014 reiz\u0113m smiekl\u012bgiem, reiz\u0113m p\u0101rdom\u0101m bag\u0101tiem, bet vienm\u0113r iedvesmojo\u0161iem. <\/span><b>Ingus<\/b><span style=\"font-weight: 400;\"> par \u012bsrunu sesiju st\u0101sta: <\/span><\/p>\n<blockquote><p><span style=\"font-weight: 400;\">\u201c<\/span><span style=\"font-weight: 400;\">\u0160ogad pirmo reizi uz Pasaules maz\u0101k\u0101s skatuves notika zin\u0101tnieku \u012bsrunu sesija &#8220;K\u0101 veiksm\u012bgi izg\u0101zties?&#8221;. Septi\u0146i drosm\u012bgi zin\u0101tnieki dal\u012bj\u0101s sav\u0101 pieredz\u0113, atkl\u0101jot amizantus, bet noteikti pam\u0101co\u0161us st\u0101stus. Galu gal\u0101, zin\u0101tne ir \u012bst\u0101 vieta, kur k\u013c\u016bd\u012bties un p\u0101rv\u0113rst neveiksmes jaunos atkl\u0101jumos un pan\u0101kumos. Katrs st\u0101sts bija k\u0101 neliels puzles gabali\u0146\u0161, \u013caujot klaus\u012bt\u0101jiem iel\u016bkoties p\u0113tnieku likst\u0101s un triumfos. M\u0113s dzird\u0113j\u0101m par disert\u0101cijas izstr\u0101des izaicin\u0101jumiem, par s\u0101kotn\u0113ji neveiksm\u012bgiem eksperimentiem, kas laim\u012bgas sakrit\u012bbas d\u0113\u013c p\u0101rauga spo\u017eos pan\u0101kumos, un par negaid\u012bt\u0101m situ\u0101cij\u0101m konferenc\u0113s, kas iez\u012bm\u0113ja ce\u013cu zin\u0101tn\u0113. Netr\u016bka ne smieklu, ne br\u012b\u017eu, kad apmekl\u0113t\u0101ji unison\u0101 m\u0101ja ar galvu, apliecinot, ka ar\u012b vi\u0146u ikdien\u0101 \u0161\u0101du kuriozu situ\u0101ciju netr\u016bkst. Lai gan \u0161\u012b bija pirm\u0101 reize, kad m\u0113s m\u0113\u0123in\u0101j\u0101m klaus\u012bt\u0101jiem past\u0101st\u012bt par zin\u0101tnes dz\u012bves aizkulis\u0113m \u0161\u0101d\u0101 form\u0101t\u0101, t\u0101 noteikti neb\u016bs p\u0113d\u0113j\u0101. Liel\u0101kais kompliments visiem septi\u0146iem run\u0101t\u0101jiem pien\u0101kas par to, ka vi\u0146i ar saviem st\u0101stiem sp\u0113ja aizraut publiku, ka \u012bsrunu sesijas nosl\u0113gum\u0101 klaus\u012bt\u0101ju skaits bija teju tr\u012bsk\u0101r\u0161ojies. \u0160is notikums v\u0113lreiz apliecin\u0101ja, ka patiesas un atkl\u0101tas sarunas par izaicin\u0101jumiem zin\u0101tn\u0113 sp\u0113j iedvesmot un piesaist\u012bt pla\u0161\u0101ku auditoriju. Zin\u0101tnieku sp\u0113ja dal\u012bties ne tikai ar saviem sasniegumiem, bet ar\u012b ar m\u0101c\u012bb\u0101m, kas g\u016btas no k\u013c\u016bd\u0101m, padara zin\u0101tni daudz cilv\u0113c\u012bg\u0101ku un saprotam\u0101ku.<\/span><span style=\"font-weight: 400;\">\u201d<\/span><\/p><\/blockquote>\n<h6><span style=\"font-weight: 400;\">Uz Pasaules maz\u0101k\u0101s skatuves ar \u012bsrun\u0101m \u201cK\u0101 veiksm\u012bgi izg\u0101zties?\u201d dal\u012bj\u0101s:<\/span><\/h6>\n<ul>\n<li style=\"font-weight: 400;\" aria-level=\"1\"><b>Anitra Z\u012ble<\/b><span style=\"font-weight: 400;\">, topo\u0161\u0101 zin\u0101tniece Latvijas Organisk\u0101s sint\u0113zes instit\u016bt\u0101;<\/span><\/li>\n<li style=\"font-weight: 400;\" aria-level=\"1\"><b>Rihards Ruska<\/b><span style=\"font-weight: 400;\">, doktorant\u016bras students LU Cietvielu fizikas instit\u016bt\u0101;<\/span><\/li>\n<li style=\"font-weight: 400;\" aria-level=\"1\"><b>Evija Mir\u0137e<\/b><span style=\"font-weight: 400;\">, p\u0113tniece un lektore RTU;<\/span><\/li>\n<li style=\"font-weight: 400;\" aria-level=\"1\"><b>Aina Semjonova<\/b><span style=\"font-weight: 400;\">, <\/span><span style=\"font-weight: 400;\">LU <\/span><span style=\"font-weight: 400;\">p\u0113cdoktorant\u016bras p\u0113tniece un doc\u0113t\u0101ja RSU;<\/span><\/li>\n<li style=\"font-weight: 400;\" aria-level=\"1\"><b>R\u016bdolfs Rubeni<\/b><span style=\"font-weight: 400;\">s, LU HZF V\u0113stures un arheolo\u0123ijas zin\u0101t\u0146u nozares Visp\u0101r\u0113j\u0101s v\u0113stures apak\u0161nozares doktora gr\u0101da pretendents;<\/span><\/li>\n<li style=\"font-weight: 400;\" aria-level=\"1\"><b>Daniela Godi\u0146a<\/b><span style=\"font-weight: 400;\">, Latvijas Valsts koksnes \u0137\u012bmijas instit\u016bts, p\u0113tniece, Ph. D. dabaszin\u0101tn\u0113s;<\/span><\/li>\n<li style=\"font-weight: 400;\" aria-level=\"1\"><b>M\u0101rti\u0146\u0161 Pri\u010dins<\/b><span style=\"font-weight: 400;\">, pasniedz\u0113js, mediju un komunik\u0101cijas p\u0113tnieks.<\/span><\/li>\n<\/ul>\n<p><span style=\"font-weight: 400;\">\u00a0<\/span><span style=\"font-weight: 400;\">Visas zin\u0101tnieku \u012bsrunas vari noklaus\u012bties <\/span><a href=\"https:\/\/www.youtube.com\/watch?v=5tJDI-0EDJU\"><span style=\"font-weight: 400;\">\u0161eit<\/span><\/a><span style=\"font-weight: 400;\">\u00a0<\/span><\/p>\n<p style=\"text-align: center;\"><img loading=\"lazy\" decoding=\"async\" class=\"wp-image-7580 aligncenter\" src=\"https:\/\/jauniezinatnieki.lv\/wp-content\/uploads\/2025\/08\/d9d508de-e711-4fd2-9180-1d37498c2d2d-scaled.jpg\" alt=\"\" width=\"533\" height=\"355\" srcset=\"https:\/\/jauniezinatnieki.lv\/wp-content\/uploads\/2025\/08\/d9d508de-e711-4fd2-9180-1d37498c2d2d-scaled.jpg 2048w, https:\/\/jauniezinatnieki.lv\/wp-content\/uploads\/2025\/08\/d9d508de-e711-4fd2-9180-1d37498c2d2d-360x240.jpg 360w, https:\/\/jauniezinatnieki.lv\/wp-content\/uploads\/2025\/08\/d9d508de-e711-4fd2-9180-1d37498c2d2d-1024x682.jpg 1024w, https:\/\/jauniezinatnieki.lv\/wp-content\/uploads\/2025\/08\/d9d508de-e711-4fd2-9180-1d37498c2d2d-768x512.jpg 768w, https:\/\/jauniezinatnieki.lv\/wp-content\/uploads\/2025\/08\/d9d508de-e711-4fd2-9180-1d37498c2d2d-1536x1024.jpg 1536w, https:\/\/jauniezinatnieki.lv\/wp-content\/uploads\/2025\/08\/d9d508de-e711-4fd2-9180-1d37498c2d2d-18x12.jpg 18w\" sizes=\"(max-width: 533px) 100vw, 533px\" \/><strong>\u012asrunu maratona &#8220;K\u0101 veiksm\u012bgi izg\u0101zties?&#8221; dal\u012bbnieki<\/strong><br \/>\nNo kreis\u0101s: Daniela Godi\u0146a, Evija Mir\u0137e, Rihards Ruska, Aina Semjonova, R\u016bdolfs Rubenis, Anitra Z\u012ble, M\u0101rti\u0146\u0161 Pri\u010dins, Ingus P\u0113rkons<\/p>\n<h6><b>Anitra Z\u012ble par mikroskopiskiem kariem, kas izgl\u0101ba pasauli<\/b><\/h6>\n<p style=\"text-align: center;\">\u00a0 <img loading=\"lazy\" decoding=\"async\" class=\"wp-image-7585 aligncenter\" src=\"https:\/\/jauniezinatnieki.lv\/wp-content\/uploads\/2025\/08\/a2ec7eae-4610-4090-98c0-ba491ffdc2cd-scaled.jpg\" alt=\"\" width=\"250\" height=\"444\" srcset=\"https:\/\/jauniezinatnieki.lv\/wp-content\/uploads\/2025\/08\/a2ec7eae-4610-4090-98c0-ba491ffdc2cd-scaled.jpg 1152w, https:\/\/jauniezinatnieki.lv\/wp-content\/uploads\/2025\/08\/a2ec7eae-4610-4090-98c0-ba491ffdc2cd-203x360.jpg 203w, https:\/\/jauniezinatnieki.lv\/wp-content\/uploads\/2025\/08\/a2ec7eae-4610-4090-98c0-ba491ffdc2cd-576x1024.jpg 576w, https:\/\/jauniezinatnieki.lv\/wp-content\/uploads\/2025\/08\/a2ec7eae-4610-4090-98c0-ba491ffdc2cd-768x1365.jpg 768w, https:\/\/jauniezinatnieki.lv\/wp-content\/uploads\/2025\/08\/a2ec7eae-4610-4090-98c0-ba491ffdc2cd-864x1536.jpg 864w, https:\/\/jauniezinatnieki.lv\/wp-content\/uploads\/2025\/08\/a2ec7eae-4610-4090-98c0-ba491ffdc2cd-7x12.jpg 7w\" sizes=\"(max-width: 250px) 100vw, 250px\" \/>Att\u0113l\u0101\u00a0<strong>Anitra Z\u012ble\u00a0<\/strong>sarunu festiv\u0101l\u0101 &#8220;Lampa&#8221;<\/p>\n<p><span style=\"font-weight: 400;\">Anitra par savu \u012bsrunu st\u0101sta:<\/span><\/p>\n<blockquote><p><span style=\"font-weight: 400;\">\u201cLatvijas Jauno zin\u0101tnieku apvien\u012bbas \u012bsrun\u0101s es st\u0101st\u012bju par \u201cmikroskopiskajiem kariem\u201d jeb to, k\u0101 no aizmirsta, neizmazg\u0101ta laboratorijas trauka rad\u0101s manas zin\u0101tnes nozare. Zin\u0101tne parasti ir sistem\u0101tiska, prec\u012bza un m\u0113r\u0137tiec\u012bga, tom\u0113r da\u017ei no liel\u0101kajiem atkl\u0101jumiem, kas izgl\u0101bu\u0161i miljoniem dz\u012bv\u012bbu, notiku\u0161i pavisam nejau\u0161i. Piem\u0113ram, penicil\u012bna atkl\u0101\u0161ana pies\u0101r\u0146ot\u0101 Petri trauci\u0146\u0101. K\u0101 topo\u0161\u0101 zin\u0101tniece un dabasvielu p\u0113tniece esmu iem\u0101c\u012bjusies, ka k\u013c\u016bdas laboratorij\u0101 nav strupce\u013c\u0161 vai izniekots laiks. T\u0101s var k\u013c\u016bt par s\u0101kumu jauniem atkl\u0101jumiem \u2013 tie tikai gaida savu br\u012bdi. Zin\u0101tn\u0113 tikpat svar\u012bga ir ar\u012b atp\u016bta, t\u0101p\u0113c \u0161odien, dodoties sav\u0101 pirmaj\u0101 atva\u013cin\u0101jum\u0101, laboratorijas traukus atst\u0101\u0161u nenomazg\u0101tus. Kas zina \u2013 varb\u016bt p\u0113c atgrie\u0161an\u0101s mani gaid\u012bs k\u0101ds jauns un liels atkl\u0101jums.\u201d<\/span><\/p><\/blockquote>\n<h6><b>Rihards Ruska par hronisku disert\u0101ciju<\/b><\/h6>\n<p style=\"text-align: center;\"><img loading=\"lazy\" decoding=\"async\" class=\"wp-image-7581 aligncenter\" src=\"https:\/\/jauniezinatnieki.lv\/wp-content\/uploads\/2025\/08\/8613e722-8993-478e-85fc-0b1f4284b73b-scaled.jpg\" alt=\"\" width=\"253\" height=\"450\" srcset=\"https:\/\/jauniezinatnieki.lv\/wp-content\/uploads\/2025\/08\/8613e722-8993-478e-85fc-0b1f4284b73b-scaled.jpg 1152w, https:\/\/jauniezinatnieki.lv\/wp-content\/uploads\/2025\/08\/8613e722-8993-478e-85fc-0b1f4284b73b-203x360.jpg 203w, https:\/\/jauniezinatnieki.lv\/wp-content\/uploads\/2025\/08\/8613e722-8993-478e-85fc-0b1f4284b73b-576x1024.jpg 576w, https:\/\/jauniezinatnieki.lv\/wp-content\/uploads\/2025\/08\/8613e722-8993-478e-85fc-0b1f4284b73b-768x1365.jpg 768w, https:\/\/jauniezinatnieki.lv\/wp-content\/uploads\/2025\/08\/8613e722-8993-478e-85fc-0b1f4284b73b-864x1536.jpg 864w, https:\/\/jauniezinatnieki.lv\/wp-content\/uploads\/2025\/08\/8613e722-8993-478e-85fc-0b1f4284b73b-7x12.jpg 7w\" sizes=\"(max-width: 253px) 100vw, 253px\" \/>Att\u0113l\u0101\u00a0<strong>Rihards Ruska<\/strong> sarunu festiv\u0101l\u0101 &#8220;Lampa&#8221;<\/p>\n<p><span style=\"font-weight: 400;\">Rihards dal\u0101s pieredz\u0113:<\/span><\/p>\n<blockquote><p><span style=\"font-weight: 400;\">\u201cS\u0101kot doktorant\u016bras p\u0113t\u012bjumu, man \u0161\u0137ita, ka visu sp\u0113\u0161u paveikt 1\u20132 gadu laik\u0101. Tom\u0113r dr\u012bz k\u013cuva skaidrs, ka realit\u0101te b\u016bs daudz sare\u017e\u0123\u012bt\u0101ka \u2013 m\u016bsu grupa nesa\u0146\u0113ma finans\u0113jumu, bija j\u0101m\u0101c\u0101s un j\u0101veic citas laikietilp\u012bgas aktivit\u0101tes, un s\u0101kotn\u0113ji izv\u0113l\u0113tie materi\u0101li neatbilda kvalit\u0101tes pras\u012bb\u0101m. Tom\u0113r ar lielu darbu un nedaudz veiksmes visas gr\u016bt\u012bbas izdev\u0101s p\u0101rvar\u0113t. Piesaistot jaun\u0101ko br\u0101li darbam instit\u016bt\u0101, var\u0113j\u0101m veikt apjom\u012bgu materi\u0101lu izp\u0113ti, un tik\u0161an\u0101s ar Nobela laure\u0101tiem Lindav\u0101 pal\u012bdz\u0113ja paskat\u012bties uz savu p\u0113t\u012bjumu no pla\u0161\u0101ka skatpunkta. Tagad p\u0113t\u012bjums tuvojas veiksm\u012bgam nosl\u0113gumam, un zin\u0101tnieki Francij\u0101 jau test\u0113 manis izstr\u0101d\u0101tos materi\u0101lus biolo\u0123iskai izmanto\u0161anai. \u0160\u012b pieredze man atg\u0101din\u0101ja \u2013 pl\u0101ni ne vienm\u0113r norit gludi, t\u0101p\u0113c j\u0101b\u016bt atv\u0113rtam, j\u0101str\u0101d\u0101 un nekad nevajag padoties.\u201d<\/span><\/p><\/blockquote>\n<h6><b>Aina Semjonova par \u201cnekas nesan\u0101k\u201d<\/b><\/h6>\n<p style=\"text-align: center;\"><img loading=\"lazy\" decoding=\"async\" class=\"wp-image-7586 aligncenter\" src=\"https:\/\/jauniezinatnieki.lv\/wp-content\/uploads\/2025\/08\/ec7f312b-ac83-4034-8c0d-ed195d712258-scaled.jpg\" alt=\"\" width=\"252\" height=\"378\" srcset=\"https:\/\/jauniezinatnieki.lv\/wp-content\/uploads\/2025\/08\/ec7f312b-ac83-4034-8c0d-ed195d712258-scaled.jpg 1364w, https:\/\/jauniezinatnieki.lv\/wp-content\/uploads\/2025\/08\/ec7f312b-ac83-4034-8c0d-ed195d712258-240x360.jpg 240w, https:\/\/jauniezinatnieki.lv\/wp-content\/uploads\/2025\/08\/ec7f312b-ac83-4034-8c0d-ed195d712258-682x1024.jpg 682w, https:\/\/jauniezinatnieki.lv\/wp-content\/uploads\/2025\/08\/ec7f312b-ac83-4034-8c0d-ed195d712258-768x1153.jpg 768w, https:\/\/jauniezinatnieki.lv\/wp-content\/uploads\/2025\/08\/ec7f312b-ac83-4034-8c0d-ed195d712258-1023x1536.jpg 1023w, https:\/\/jauniezinatnieki.lv\/wp-content\/uploads\/2025\/08\/ec7f312b-ac83-4034-8c0d-ed195d712258-8x12.jpg 8w\" sizes=\"(max-width: 252px) 100vw, 252px\" \/>Att\u0113l\u0101\u00a0<strong>Aina Semjonova<\/strong> sarunu festiv\u0101l\u0101 &#8220;Lampa&#8221;<\/p>\n<p><span style=\"font-weight: 400;\">Aina atkl\u0101j: <\/span><\/p>\n<blockquote><p><span style=\"font-weight: 400;\">\u201cDoktorant\u016br\u0101 p\u0113t\u012bju polimorfisma kontroles iesp\u0113jas, izmantojot kristaliz\u0101cijas piedevas. Pirmaj\u0101 gad\u0101 rezult\u0101ti nebija spo\u017ei \u2013 vajadz\u012bgo polimorfismu izdev\u0101s kontrol\u0113t tikai da\u013c\u0113ji, ta\u010du bija pietiekami rakstam. Otraj\u0101 gad\u0101 s\u0101ku str\u0101d\u0101t ar jaunu vielu. S\u0101kotn\u0113jie izm\u0113\u0123in\u0101jumi bija daudzsolo\u0161i \u2013 izdev\u0101s ieg\u016bt abas krist\u0101lisk\u0101s formas. Ta\u010du n\u0101kamajos m\u0113ne\u0161os viss izg\u0101z\u0101s \u2013 atkal un atkal san\u0101ca tikai pirm\u0101 forma. Jau gandr\u012bz biju padevusies, kad k\u0101d\u0101 piektdien\u0101 steig\u0101 atst\u0101ju v\u0101rgl\u0101z\u0113 \u0161\u0137\u012bdumu ar vis\u0101m piedev\u0101m. Pirmdien atn\u0101kot, taj\u0101 bija izaugu\u0161i cit\u0101d\u0101ki krist\u0101li \u2013 beidzot otr\u0101 forma! V\u0113l\u0101k atkl\u0101j\u0101s, ka t\u0101 ir nestabila un iesp\u0113jama tikai ar noteikt\u0101m piedev\u0101m. Nejau\u0161\u0101 \u201cneveiksme\u201d noveda pie publik\u0101cijas, kas \u0161obr\u012bd ir viena no man\u0101m visvair\u0101k cit\u0113taj\u0101m publik\u0101cij\u0101m. Zin\u0101tn\u0113 liel\u0101k\u0101 da\u013ca eksperimentu neizdodas, ta\u010du tie\u0161i neatlaid\u012bba un atv\u0113rt\u012bba nejau\u0161\u012bb\u0101m bie\u017ei vien noved pie atkl\u0101jumiem.\u201d<\/span><\/p><\/blockquote>\n<h6><b>R\u016bdolfs Rubenis par veiksm\u012bgo, bet k\u013c\u016bdaino uzst\u0101\u0161anos pirmaj\u0101 starptautiskaj\u0101 konferenc\u0113<\/b><\/h6>\n<p style=\"text-align: center;\"><img loading=\"lazy\" decoding=\"async\" class=\"alignnone wp-image-7587\" src=\"https:\/\/jauniezinatnieki.lv\/wp-content\/uploads\/2025\/08\/4b10d171-124c-4eb6-bbe4-f0ab1a641095-scaled.jpg\" alt=\"\" width=\"244\" height=\"367\" srcset=\"https:\/\/jauniezinatnieki.lv\/wp-content\/uploads\/2025\/08\/4b10d171-124c-4eb6-bbe4-f0ab1a641095-scaled.jpg 1364w, https:\/\/jauniezinatnieki.lv\/wp-content\/uploads\/2025\/08\/4b10d171-124c-4eb6-bbe4-f0ab1a641095-240x360.jpg 240w, https:\/\/jauniezinatnieki.lv\/wp-content\/uploads\/2025\/08\/4b10d171-124c-4eb6-bbe4-f0ab1a641095-682x1024.jpg 682w, https:\/\/jauniezinatnieki.lv\/wp-content\/uploads\/2025\/08\/4b10d171-124c-4eb6-bbe4-f0ab1a641095-768x1153.jpg 768w, https:\/\/jauniezinatnieki.lv\/wp-content\/uploads\/2025\/08\/4b10d171-124c-4eb6-bbe4-f0ab1a641095-1023x1536.jpg 1023w, https:\/\/jauniezinatnieki.lv\/wp-content\/uploads\/2025\/08\/4b10d171-124c-4eb6-bbe4-f0ab1a641095-8x12.jpg 8w\" sizes=\"(max-width: 244px) 100vw, 244px\" \/><\/p>\n<p style=\"text-align: center;\">Att\u0113l\u0101 <strong>R\u016bdolfs Rubenis <\/strong>sarunu festiv\u0101l\u0101 &#8220;Lampa&#8221;<\/p>\n<p><span style=\"font-weight: 400;\">R\u016bdolfs par dal\u012bbu konferenc\u0113s st\u0101sta:<\/span><\/p>\n<blockquote><p><span style=\"font-weight: 400;\">\u201cPirmo reizi uzst\u0101joties starptautisk\u0101 konferenc\u0113 satraukums ir neizb\u0113gams \u2013 it \u012bpa\u0161i, ja j\u0101run\u0101 sve\u0161valod\u0101, kuru publiski praktiz\u0113 reti. Man tas bija 2018. gada 18. oktobr\u012b Teodora Lita simpozij\u0101 Leipcig\u0101, V\u0101cij\u0101 \u2013 m\u0113nesi pirms Latvijas simtgades, un k\u0101 v\u0113stures ma\u0123istrantam tas bija liels gods p\u0101rst\u0101v\u0113t Latvijas Universit\u0101ti. Uzst\u0101joties v\u0101ciski, n\u0101c\u0101s dom\u0101t ar\u012b par \u017eestiem, kas var tikt p\u0101rprasti.\u00a0 Izaicin\u0101jumu risin\u0101ju, vienk\u0101r\u0161i ieb\u0101\u017eot rokas kabat\u0101s, ta\u010du neizdev\u0101s izvair\u012bties no \u0101tras run\u0101\u0161anas un acu \u201c\u0161aud\u012b\u0161an\u0101s\u201d, kas da\u017eiem klaus\u012bt\u0101jiem apgr\u016btin\u0101ja izpratni. Tom\u0113r savu darbu paveicu, sa\u0146\u0113mu aplausus un v\u0113rt\u012bgus ieteikumus no kol\u0113\u0123iem \u2013 vair\u0101k laika velt\u012bt sagatavo\u0161anai un \u017eestu p\u0101rdom\u0101\u0161anai. T\u0101s bija manas \u201cugunskrist\u012bbas\u201d starptautisk\u0101 auditorij\u0101. Kop\u0161 t\u0101 laika esmu piedal\u012bjies 18 konferenc\u0113s da\u017e\u0101d\u0101s valst\u012bs un valod\u0101s, un publisk\u0101 uzst\u0101\u0161an\u0101s vairs nerada lielu stresu.\u201d<\/span><\/p><\/blockquote>\n<h6><b>Daniela Godi\u0146a par m\u016b\u017e\u012bgo vaininieku<\/b><\/h6>\n<p style=\"text-align: center;\"><img loading=\"lazy\" decoding=\"async\" class=\"wp-image-7588 aligncenter\" src=\"https:\/\/jauniezinatnieki.lv\/wp-content\/uploads\/2025\/08\/9ffbd791-1c78-4d20-bb3f-6849b451ec5e-scaled.jpg\" alt=\"\" width=\"416\" height=\"277\" srcset=\"https:\/\/jauniezinatnieki.lv\/wp-content\/uploads\/2025\/08\/9ffbd791-1c78-4d20-bb3f-6849b451ec5e-scaled.jpg 2048w, https:\/\/jauniezinatnieki.lv\/wp-content\/uploads\/2025\/08\/9ffbd791-1c78-4d20-bb3f-6849b451ec5e-360x240.jpg 360w, https:\/\/jauniezinatnieki.lv\/wp-content\/uploads\/2025\/08\/9ffbd791-1c78-4d20-bb3f-6849b451ec5e-1024x682.jpg 1024w, https:\/\/jauniezinatnieki.lv\/wp-content\/uploads\/2025\/08\/9ffbd791-1c78-4d20-bb3f-6849b451ec5e-768x512.jpg 768w, https:\/\/jauniezinatnieki.lv\/wp-content\/uploads\/2025\/08\/9ffbd791-1c78-4d20-bb3f-6849b451ec5e-1536x1023.jpg 1536w, https:\/\/jauniezinatnieki.lv\/wp-content\/uploads\/2025\/08\/9ffbd791-1c78-4d20-bb3f-6849b451ec5e-18x12.jpg 18w\" sizes=\"(max-width: 416px) 100vw, 416px\" \/>Att\u0113l\u0101\u00a0<strong>Daniela Godi\u0146a\u00a0<\/strong>sarunu festiv\u0101l\u0101\u00a0&#8220;Lampa&#8221;<\/p>\n<p><span style=\"font-weight: 400;\">Daniela sav\u0101 \u012bsrun\u0101 \u201cM\u016b\u017e\u012bgais vaininieks\u201d dal\u012bj\u0101s ar st\u0101stu par to, k\u0101 zin\u0101tn\u0113 (un dz\u012bv\u0113) m\u0113s nereti non\u0101kam lom\u0101, kur \u0161\u0137iet \u2013 esi tas, kur\u0161 kav\u0113, tas, kuram \u201cv\u0113l nav\u201d, vai tas, kuram \u201catkal nesan\u0101ca\u201d. Ar humoru un pa\u0161ironiju atsedzot meh\u0101nismus, k\u0101 \u0161\u012b saj\u016bta var k\u013c\u016bt par nemain\u012bgu fonu, kas grau\u017e motiv\u0101ciju un ietekm\u0113 sadarb\u012bbu. Tom\u0113r \u2013 \u201cvain\u012bguma\u201d saj\u016bta ne vienm\u0113r noz\u012bm\u0113 re\u0101lu k\u013c\u016bdu. Da\u017ek\u0101rt t\u0101 ir sist\u0113mas, nevis cilv\u0113ka rad\u012bta spriedze. \u0160aj\u0101 \u012bsrun\u0101 Daniela aicin\u0101ja dom\u0101t l\u0113ni par to, k\u0101 m\u0113s defin\u0113jam \u201cveiksmi\u201d, k\u0101p\u0113c tik bie\u017ei j\u016btamies atbild\u012bgi par to, kas \u0101rpus m\u016bsu kontroles, un k\u0101 izk\u0101pt no \u0161\u012b apburt\u0101 loka. Run\u0101ja ar\u012b par to, k\u0101 emp\u0101tija, atkl\u0101ta komunik\u0101cija un drosme run\u0101t par gr\u016bt\u012bb\u0101m var p\u0101rv\u0113rst \u201cvaininieku\u201d par v\u0113rt\u012bgu sarunas s\u0101kumpunktu. Reiz\u0113m zin\u0101tn\u0113 liel\u0101kais izr\u0101viens notiek nevis rakst\u0101, bet sarun\u0101 ar sevi. Un reiz\u0113m t\u0101 saruna s\u0101kas ar atz\u012b\u0161anos: \u201cJ\u0101, es atkal esmu tas m\u016b\u017e\u012bgais vaininieks.\u201d Bet \u0161oreiz \u2013 ar smaidu un pa\u0161izpratni.<\/span><\/p>\n<h6><b>M\u0101rti\u0146\u0161 Pri\u010dins par iesp\u0113j\u0101m un drosmi<\/b><\/h6>\n<p style=\"text-align: center;\"><img loading=\"lazy\" decoding=\"async\" class=\"wp-image-7589 aligncenter\" src=\"https:\/\/jauniezinatnieki.lv\/wp-content\/uploads\/2025\/08\/4ab42c8c-8cee-4579-b210-b142104ccb20-scaled.jpg\" alt=\"\" width=\"269\" height=\"404\" srcset=\"https:\/\/jauniezinatnieki.lv\/wp-content\/uploads\/2025\/08\/4ab42c8c-8cee-4579-b210-b142104ccb20-scaled.jpg 1364w, https:\/\/jauniezinatnieki.lv\/wp-content\/uploads\/2025\/08\/4ab42c8c-8cee-4579-b210-b142104ccb20-240x360.jpg 240w, https:\/\/jauniezinatnieki.lv\/wp-content\/uploads\/2025\/08\/4ab42c8c-8cee-4579-b210-b142104ccb20-682x1024.jpg 682w, https:\/\/jauniezinatnieki.lv\/wp-content\/uploads\/2025\/08\/4ab42c8c-8cee-4579-b210-b142104ccb20-768x1153.jpg 768w, https:\/\/jauniezinatnieki.lv\/wp-content\/uploads\/2025\/08\/4ab42c8c-8cee-4579-b210-b142104ccb20-1023x1536.jpg 1023w, https:\/\/jauniezinatnieki.lv\/wp-content\/uploads\/2025\/08\/4ab42c8c-8cee-4579-b210-b142104ccb20-8x12.jpg 8w\" sizes=\"(max-width: 269px) 100vw, 269px\" \/>Att\u0113l\u0101\u00a0<strong>M\u0101rti\u0146\u0161 Pri\u010dins\u00a0<\/strong>sarunu festiv\u0101l\u0101 &#8220;Lampa&#8221;<\/p>\n<p><span style=\"font-weight: 400;\">M\u0101rti\u0146\u0161 Pri\u010dins sav\u0101 \u012bsrun\u0101 dal\u012bj\u0101s p\u0101rdom\u0101s par iesp\u0113j\u0101m un drosmi, kas jaunajiem zin\u0101tniekiem nepiecie\u0161ama profesion\u0101l\u0101 ce\u013ca s\u0101kum\u0101. Vi\u0146\u0161 s\u0101ka ar jaut\u0101jumu: \u201cK\u0101 rodas zin\u0101tnieki?\u201d \u2013 un secin\u0101ja, ka bie\u017ei vien tas notiek nejau\u0161i. M\u0101rti\u0146\u0161 atskat\u012bj\u0101s uz studiju gadiem Latvijas Universit\u0101t\u0113, kad p\u0113c 2. kursa sa\u0146\u0113ma v\u0113stuli par iesp\u0113ju str\u0101d\u0101t par asistenta konsultantu priek\u0161v\u0113l\u0113\u0161anu p\u0113t\u012bjum\u0101. Lai gan vi\u0146am nebija bakalaura gr\u0101da un pieredzes p\u0113tniec\u012bb\u0101, vi\u0146\u0161 pieteic\u0101s un sa\u0146\u0113ma apstiprin\u0101jumu. V\u0113l\u0101k, ma\u0123istrant\u016br\u0101 un doktorant\u016br\u0101, \u0161\u0101du iesp\u0113ju vairs nebija, un vi\u0146\u0161 var\u0113ja vien noskat\u012bties, k\u0101 kol\u0113\u0123i veido karjeru. Viss main\u012bj\u0101s, kad k\u0101da profesore uzaicin\u0101ja vi\u0146u iesaist\u012bties projekt\u0101, kas sa\u0146\u0113ma finans\u0113jumu. M\u0101rti\u0146\u0161 piekrita un jau vair\u0101kus gadus veiksm\u012bgi str\u0101d\u0101 pasnieg\u0161an\u0101 un p\u0113tniec\u012bb\u0101. Vi\u0146\u0161 uzsv\u0113ra: katram jaunajam zin\u0101tniekam vajag profesoru vai profesiori, kas pal\u012bdz spert pirmos so\u013cus nozar\u0113.<\/span><\/p>\n<p style=\"text-align: center;\"><img loading=\"lazy\" decoding=\"async\" class=\"wp-image-7579 aligncenter\" src=\"https:\/\/jauniezinatnieki.lv\/wp-content\/uploads\/2025\/08\/97a9ba82-94c4-4c9e-ad7b-8bbd6a39fc55-scaled.jpg\" alt=\"\" width=\"571\" height=\"396\" srcset=\"https:\/\/jauniezinatnieki.lv\/wp-content\/uploads\/2025\/08\/97a9ba82-94c4-4c9e-ad7b-8bbd6a39fc55-scaled.jpg 2048w, https:\/\/jauniezinatnieki.lv\/wp-content\/uploads\/2025\/08\/97a9ba82-94c4-4c9e-ad7b-8bbd6a39fc55-360x250.jpg 360w, https:\/\/jauniezinatnieki.lv\/wp-content\/uploads\/2025\/08\/97a9ba82-94c4-4c9e-ad7b-8bbd6a39fc55-1024x711.jpg 1024w, https:\/\/jauniezinatnieki.lv\/wp-content\/uploads\/2025\/08\/97a9ba82-94c4-4c9e-ad7b-8bbd6a39fc55-768x533.jpg 768w, https:\/\/jauniezinatnieki.lv\/wp-content\/uploads\/2025\/08\/97a9ba82-94c4-4c9e-ad7b-8bbd6a39fc55-1536x1067.jpg 1536w, https:\/\/jauniezinatnieki.lv\/wp-content\/uploads\/2025\/08\/97a9ba82-94c4-4c9e-ad7b-8bbd6a39fc55-18x12.jpg 18w\" sizes=\"(max-width: 571px) 100vw, 571px\" \/>Att\u0113l\u0101 \u012bsrunu maratona klaus\u012bt\u0101ji<\/p>\n<h5><strong>Pane\u013cdiskusija\u00a0 \u201cDom\u0101 l\u0113ni | Science contribution to society, perspectives between France and Latvia\u201d<\/strong><\/h5>\n<p><span style=\"font-weight: 400;\">Nosl\u0113gum\u0101 sadarb\u012bb\u0101 ar <\/span><b>Francijas instit\u016btu Latvij\u0101 <\/b><span style=\"font-weight: 400;\">notika starptautiska pane\u013cdiskusija \u2013 \u201cDom\u0101 l\u0113ni | Science contribution to society, perspectives between France and Latvia\u201d, kuru vad\u012bja LJZA valdes priek\u0161s\u0113d\u0113t\u0101js <\/span><b>Oskars Teikmanis.<\/b><span style=\"font-weight: 400;\"> Oskars par pane\u013cdiskusiju uzsver: \u201c<\/span><span style=\"font-weight: 400;\">Izv\u0113le par studij\u0101m \u0101rzem\u0113s n\u0101k komplekt\u0101 ar izv\u0113li par turpm\u0101ko tr\u012bs vai vair\u0101k gadu dz\u012bves vietu, kas ne vienm\u0113r ir vienk\u0101r\u0161i. Par \u0161iem un citiem apsv\u0113rumiem dal\u012bj\u0101s Guntars Kitenbergs, Lilija Du\u010dkena un Linards Glod\u0161teins &#8211; Francijas v\u0113stniec\u012bbas promocijas stipendijas sa\u0146\u0113m\u0113ji. Izce\u013cams ir tas, ka gan Guntaram, gan Llijai, gan Linardam\u00a0 apmai\u0146as pieredze vienlaikus uzlaboja iesp\u0113jas izpausties p\u0113tniec\u012bb\u0101 Latvij\u0101, k\u0101 ar\u012b deva\u00a0 kontaktus t\u0101l\u0101kiem p\u0113t\u012bjumiem ar kol\u0113\u0123iem no Francijas. T\u0101pat, pieredze stud\u0113jot \u0101rzem\u0113s bija iesp\u0113ja iepaz\u012bties ar citas kult\u016bras ieradumiem un ieviest jaunus paradumus sav\u0101 dz\u012bv\u0113. Visi tr\u012bs run\u0101t\u0101ji\u00a0 ieteica \u0161\u0101du pieredzi ikvienam, kas apsver veikt studijas \u0101rzem\u0113s.<\/span><span style=\"font-weight: 400;\">\u201d<\/span> <span style=\"font-weight: 400;\">Sarun\u0101 piedal\u012bj\u0101s LU asoci\u0113tais profesors un zin\u0101t\u0146u prorektors Dr. <\/span><b>Guntars Kitenbergs<\/b><span style=\"font-weight: 400;\">, Ph. D. kandid\u0101te un Francijas v\u0113stniec\u012bbas promocijas stipendijas sa\u0146\u0113m\u0113ja <\/span><span style=\"font-weight: 400;\">Mg. agr. <\/span><b>Lilija Du\u010dkena<\/b><span style=\"font-weight: 400;\"> un LU asoci\u0113tais profesors Dr. <\/span><b>Linards Gold\u0161teins<\/b><span style=\"font-weight: 400;\">. Diskusija atkl\u0101ja at\u0161\u0137ir\u012bbas studiju procesos Francij\u0101 un Latvij\u0101, izgaismoja da\u017e\u0101du cilv\u0113ku motiv\u0101ciju stud\u0113t \u0101rvalst\u012bs un \u013c\u0101va ieskat\u012bties vair\u0101kos b\u016btiskos aspektos, kas stud\u0113\u0161anu Francij\u0101 padara aizraujo\u0161u un veido unik\u0101lu cilv\u0113ka pieredzi, kas patiesi noder atgrie\u017eoties Latvij\u0101.<\/span><\/p>\n<h5><span style=\"font-weight: 400;\">\u201cDom\u0101 l\u0113ni\u201d\u00a0<\/span><\/h5>\n<p><span style=\"font-weight: 400;\">Pas\u0101kuma &#8220;Dom\u0101 l\u0113ni&#8221; pieredze par\u0101d\u012bja, cik noz\u012bm\u012bgi ir apzin\u0101ti piev\u0113rsties l\u0113nai dom\u0101\u0161anai gan zin\u0101tn\u0113, gan ikdienas dz\u012bv\u0113. Pasaules maz\u0101k\u0101s skatuves dal\u012bbnieki uzsver, ka l\u0113n\u0101s dom\u0101\u0161anas pieeja ne tikai veicina r\u016bp\u012bgu un kritisku inform\u0101cijas anal\u012bzi, bet ar\u012b stiprina m\u016bsu sp\u0113ju izprast sare\u017e\u0123\u012btas probl\u0113mas un rast ilgtsp\u0113j\u012bgus risin\u0101jumus. T\u0101 ir iesp\u0113ja apzin\u0101ti izv\u0113l\u0113ties ce\u013cu uz izaugsmi un l\u012bdzsvaru un veidot sapr\u0101t\u012bgu un iej\u016bt\u012bgu pasauli.<\/span><\/p>\n<h5><b>LJZA medijos<\/b><\/h5>\n<ul>\n<li style=\"font-weight: 400;\" aria-level=\"1\"><span style=\"font-weight: 400;\">Daniela Godi\u0146a, J\u0101nis Lazovskis un Krist\u012bne \u0160neidere 16. j\u016bnij\u0101 piedal\u012bj\u0101s\u00a0 LR1 raid\u012bjum\u0101 \u201cZin\u0101mais nezin\u0101maj\u0101\u201d, kur\u0101 sarun\u0101 ar raid\u012bjuma vad\u012bt\u0101ju Marionu Baltkalni diskut\u0113ja par \u201cDom\u0101 l\u0113ni\u201d idejas konceptu un t\u0101 \u012bsteno\u0161anu zin\u0101tn\u0113 [1].<\/span><\/li>\n<li style=\"font-weight: 400;\" aria-level=\"1\"><span style=\"font-weight: 400;\">Rasma P\u012bpi\u0137e 19. j\u016bnij\u0101 piedal\u012bj\u0101s Radio SWH sl\u012bdo\u0161aj\u0101 TV intervij\u0101, kur\u0101 ar raid\u012bjuma vad\u012bt\u0101ju Ievu Dzeni run\u0101ja par LJZA darb\u012bbu, Pasaules maz\u0101ko skatuvi un Rasmas p\u0113tniec\u012bbas virzienu [2].<\/span><\/li>\n<\/ul>\n<h4><\/h4>\n<h4><b>Pas\u0101kuma atbalst\u012bt\u0101ji<\/b><\/h4>\n<p><span style=\"font-weight: 400;\">Latvijas Jauno zin\u0101tnieku apvien\u012bba saka lielu paldies saviem atbalst\u012bt\u0101jiem par sarun\u0101m:<\/span><\/p>\n<ul>\n<li><b>Sanitai Putni\u0146ai<\/b><span style=\"font-weight: 400;\"> (biedr\u012bba \u201cRado\u0161\u0101s idejas\u201d) \u2013 \u201cDom\u0101 l\u0113ni par rado\u0161umu un p\u0101rdom\u0101m\u201d<\/span><\/li>\n<li><b>M\u0101rim B\u016bmanim<\/b><span style=\"font-weight: 400;\"> (A\/S Latvijas Finieris) \u2013 \u201cDom\u0101 l\u0113ni par l\u0113mumiem\u201d<\/span><\/li>\n<li><b>J\u0101nim Ru\u0161ko<\/b><span style=\"font-weight: 400;\"> (Valsts zin\u0101tniskais instit\u016bts BIOR ) \u2013 &#8220;Dom\u0101 l\u0113ni par riskiem&#8221;<\/span><\/li>\n<li><b>Kristi\u0101nam H\u0161\u010danovi\u010dam<\/b><span style=\"font-weight: 400;\"> (SIA Astra Med) \u2013 \u201cDom\u0101 l\u0113ni par troksni\u201d<\/span><\/li>\n<\/ul>\n<p><span style=\"font-weight: 400;\">Pas\u0101kumu atbalst\u012bja Latvijas Finieris, SIA AstraMed Baltic, Valsts zin\u0101tniskais instit\u016bts BIOR, Latvijas Hidroekolo\u0123ijas instit\u016bts, Latvijas EFSA Fok\u0101lais punkts, Seik O\u00dc (Izdev\u0113js SEIK), Dobeles dzirnavnieks, Radio SWH, Institut Fran\u00e7ais de Lettonie \/ Francijas instit\u016bts Latvij\u0101 un JCDecaux Latvija un person\u012bgi <\/span><b>Ilze Dimante.<\/b><span style=\"font-weight: 400;\"> LJZA izsaka sirsn\u012bgu paldies <\/span><b>\u0100rim Birzem<\/b><span style=\"font-weight: 400;\"> (<\/span><b>Show and Tell.lv<\/b><span style=\"font-weight: 400;\">) un vi\u0146a komandai par ilgsto\u0161u sadarb\u012bbu laba kadra un kvalitat\u012bva ierakstu materi\u0101la veido\u0161an\u0101\u00a0 un tehnisko atbalstu pas\u0101kuma film\u0113\u0161an\u0101 un tie\u0161raides nodro\u0161in\u0101\u0161an\u0101.<\/span><\/p>\n<p><span style=\"font-weight: 400;\">Pasaules maz\u0101ko skatuvi\u00a0 atbalsta Eiropas Savien\u012bbas p\u0113tniec\u012bbas un inov\u0101cijas programmas \u201cApv\u0101rsnis Eiropa\u201d projekta ARENAS (Analysis of and Responses to Extremist Narratives), kuru Latvij\u0101 \u012bsteno biedr\u012bba \u201cRado\u0161\u0101s Idejas\u201d saska\u0146\u0101 ar granta l\u012bgumu Nr.101094731.<\/span><\/p>\n<h6><b>Atsauces<\/b><\/h6>\n<p><span style=\"font-weight: 400;\">[1] LSM. (2025). K\u0101 dom\u0101t l\u0113n\u0101m par matem\u0101tiku, \u0137\u012bmiju un noveco\u0161anu? Pieejams \u0161eit: https:\/\/lr1.lsm.lv\/lv\/raksts\/zinamais-nezinamaja\/ka-domat-lenam-par-matematiku-kimiju-un-novecosanu.a208226\/<\/span><\/p>\n<p><span style=\"font-weight: 400;\">[2] Radio SWH. (2025). R\u012bta \u0161ovs TIK TIK TIK. Pieejams \u0161eit:https:\/\/play.radioswh.lv\/?page=swh_archive<\/span><\/p>","protected":false},"excerpt":{"rendered":"<p>No 20.06. l\u012bdz 21.06. Latvijas Jauno zin\u0101tnieku apvien\u012bba (LJZA) piedal\u012bj\u0101s sarunu festiv\u0101l\u0101 LAMPA, turpinot iepriek\u0161\u0113jos gados aizs\u0101kto konceptu \u201cDom\u0101 l\u0113ni\u201d. \u0160aj\u0101s dien\u0101s Pasaules maz\u0101k\u0101 skatuve (skatuve Nr. 2.), kuras idejas autore ir LJZA valdes locekle Rasma P\u012bpi\u0137e, p\u0101rtapa par telpu, kur domas k\u013cuva dzi\u013c\u0101kas un sarunas \u2013 noz\u012bm\u012bg\u0101kas. Ideja par \u201cDom\u0101 l\u0113ni\u201d konceptu rad\u0101s, diskut\u0113jot [&hellip;]<\/p>","protected":false},"author":16,"featured_media":7566,"comment_status":"closed","ping_status":"closed","sticky":false,"template":"","format":"standard","meta":{"_acf_changed":false,"footnotes":""},"categories":[161],"tags":[204],"class_list":["post-7565","post","type-post","status-publish","format-standard","has-post-thumbnail","hentry","category-pasakumi-aktualitates","tag-lampa"],"acf":[],"_links":{"self":[{"href":"https:\/\/jauniezinatnieki.lv\/en\/wp-json\/wp\/v2\/posts\/7565","targetHints":{"allow":["GET"]}}],"collection":[{"href":"https:\/\/jauniezinatnieki.lv\/en\/wp-json\/wp\/v2\/posts"}],"about":[{"href":"https:\/\/jauniezinatnieki.lv\/en\/wp-json\/wp\/v2\/types\/post"}],"author":[{"embeddable":true,"href":"https:\/\/jauniezinatnieki.lv\/en\/wp-json\/wp\/v2\/users\/16"}],"replies":[{"embeddable":true,"href":"https:\/\/jauniezinatnieki.lv\/en\/wp-json\/wp\/v2\/comments?post=7565"}],"version-history":[{"count":4,"href":"https:\/\/jauniezinatnieki.lv\/en\/wp-json\/wp\/v2\/posts\/7565\/revisions"}],"predecessor-version":[{"id":7592,"href":"https:\/\/jauniezinatnieki.lv\/en\/wp-json\/wp\/v2\/posts\/7565\/revisions\/7592"}],"wp:featuredmedia":[{"embeddable":true,"href":"https:\/\/jauniezinatnieki.lv\/en\/wp-json\/wp\/v2\/media\/7566"}],"wp:attachment":[{"href":"https:\/\/jauniezinatnieki.lv\/en\/wp-json\/wp\/v2\/media?parent=7565"}],"wp:term":[{"taxonomy":"category","embeddable":true,"href":"https:\/\/jauniezinatnieki.lv\/en\/wp-json\/wp\/v2\/categories?post=7565"},{"taxonomy":"post_tag","embeddable":true,"href":"https:\/\/jauniezinatnieki.lv\/en\/wp-json\/wp\/v2\/tags?post=7565"}],"curies":[{"name":"wp","href":"https:\/\/api.w.org\/{rel}","templated":true}]}}