{"id":7605,"date":"2025-09-16T10:30:26","date_gmt":"2025-09-16T07:30:26","guid":{"rendered":"https:\/\/jauniezinatnieki.lv\/?p=7605"},"modified":"2025-12-21T21:47:41","modified_gmt":"2025-12-21T18:47:41","slug":"aizvadita-septembra-atklata-valdes-sede","status":"publish","type":"post","link":"https:\/\/jauniezinatnieki.lv\/en\/aizvadita-septembra-atklata-valdes-sede\/","title":{"rendered":"Aizvad\u012bta septembra atkl\u0101t\u0101 valdes s\u0113de"},"content":{"rendered":"<p><span style=\"font-weight: 400;\">2025. gada 9. septembr\u012b Latvijas Universit\u0101tes Doktorant\u016bras skolas telp\u0101s un tie\u0161saist\u0113 norisin\u0101j\u0101s Latvijas Jauno zin\u0101tnieku apvien\u012bbas (LJZA) ikm\u0113ne\u0161a atkl\u0101t\u0101 valdes s\u0113de. \u0160om\u0113nes uz\u0146\u0113m\u0101m vair\u0101kus viesus, lai iepaz\u012bstin\u0101tu LJZA biedrus ar da\u017e\u0101d\u0101m iesp\u0113j\u0101m doktorantiem un jaunajiem zin\u0101tniekiem.<\/span><\/p>\n<h5><b>Latvijas Zin\u0101tnes padomes aktualit\u0101tes<\/b><\/h5>\n<p style=\"text-align: center;\"><img fetchpriority=\"high\" decoding=\"async\" class=\"wp-image-7608 aligncenter\" src=\"https:\/\/jauniezinatnieki.lv\/wp-content\/uploads\/2025\/09\/573249ba-a5d2-48c0-a1d8-af657460eb3b.jpg\" alt=\"\" width=\"371\" height=\"490\" srcset=\"https:\/\/jauniezinatnieki.lv\/wp-content\/uploads\/2025\/09\/573249ba-a5d2-48c0-a1d8-af657460eb3b.jpg 1310w, https:\/\/jauniezinatnieki.lv\/wp-content\/uploads\/2025\/09\/573249ba-a5d2-48c0-a1d8-af657460eb3b-272x360.jpg 272w, https:\/\/jauniezinatnieki.lv\/wp-content\/uploads\/2025\/09\/573249ba-a5d2-48c0-a1d8-af657460eb3b-775x1024.jpg 775w, https:\/\/jauniezinatnieki.lv\/wp-content\/uploads\/2025\/09\/573249ba-a5d2-48c0-a1d8-af657460eb3b-768x1015.jpg 768w, https:\/\/jauniezinatnieki.lv\/wp-content\/uploads\/2025\/09\/573249ba-a5d2-48c0-a1d8-af657460eb3b-1162x1536.jpg 1162w, https:\/\/jauniezinatnieki.lv\/wp-content\/uploads\/2025\/09\/573249ba-a5d2-48c0-a1d8-af657460eb3b-9x12.jpg 9w\" sizes=\"(max-width: 371px) 100vw, 371px\" \/>Att\u0113l\u0101 LJZA biedre Darja Aksjonova (LZP)<\/p>\n<p><span style=\"font-weight: 400;\">LJZA biedre <\/span><b>Darja Aksjonova<\/b><span style=\"font-weight: 400;\"> (LZP) st\u0101st\u012bja par <\/span><b>EURAXESS aktualit\u0101t\u0113m <\/b><span style=\"font-weight: 400;\">p\u0113tniekiem, piem\u0113ram, mentoringa programmu, uzsverot jauno zin\u0101tnieku karjeras att\u012bst\u012bbas iesp\u0113jas. Programmas m\u0113r\u0137is ir veicin\u0101t p\u0113tnieku mobilit\u0101ti, veicin\u0101t zin\u0101\u0161anu un lab\u0101s prakses apmai\u0146u, papildin\u0101t izpratni par caurviju prasmju lomu un stiprin\u0101t instit\u016bciju starptautisko sadarb\u012bbu. Vair\u0101k par mentoringa programmu var uzzin\u0101t <\/span><a href=\"https:\/\/euraxess.ec.europa.eu\/career-development\/researchers\/shape-future-researcher-coming-europe\"><span style=\"font-weight: 400;\">\u0161eit<\/span><\/a><span style=\"font-weight: 400;\">. Programma ir dom\u0101ta gan mentoriem, gan mentor\u0113jamiem, un \u012bpa\u0161i b\u016btiska, ja nav iepriek\u0161\u0113ja pieredze \u0161aj\u0101 jom\u0101. Darja ar\u012b uzsv\u0113ra zin\u0101tnes komunik\u0101cijas noz\u012bmi, \u012bpa\u0161i izce\u013cot komunik\u0101ciju kr\u012bzes situ\u0101cij\u0101s un sabiedr\u012bbas uztic\u012bbas stiprin\u0101\u0161anu zin\u0101tnei.<\/span><\/p>\n<h5><b>LU fonds<\/b><\/h5>\n<p style=\"text-align: center;\"><img decoding=\"async\" class=\"wp-image-7609 aligncenter\" src=\"https:\/\/jauniezinatnieki.lv\/wp-content\/uploads\/2025\/09\/5556fd71-d165-4476-9283-92b2f35318c7.jpg\" alt=\"\" width=\"364\" height=\"423\" srcset=\"https:\/\/jauniezinatnieki.lv\/wp-content\/uploads\/2025\/09\/5556fd71-d165-4476-9283-92b2f35318c7.jpg 1636w, https:\/\/jauniezinatnieki.lv\/wp-content\/uploads\/2025\/09\/5556fd71-d165-4476-9283-92b2f35318c7-309x360.jpg 309w, https:\/\/jauniezinatnieki.lv\/wp-content\/uploads\/2025\/09\/5556fd71-d165-4476-9283-92b2f35318c7-880x1024.jpg 880w, https:\/\/jauniezinatnieki.lv\/wp-content\/uploads\/2025\/09\/5556fd71-d165-4476-9283-92b2f35318c7-768x894.jpg 768w, https:\/\/jauniezinatnieki.lv\/wp-content\/uploads\/2025\/09\/5556fd71-d165-4476-9283-92b2f35318c7-1320x1536.jpg 1320w, https:\/\/jauniezinatnieki.lv\/wp-content\/uploads\/2025\/09\/5556fd71-d165-4476-9283-92b2f35318c7-10x12.jpg 10w\" sizes=\"(max-width: 364px) 100vw, 364px\" \/>Att\u0113l\u0101 LU fonda vad\u012bt\u0101ja Zaiga P\u016bce<\/p>\n<p><span style=\"font-weight: 400;\">LU fonda vad\u012bt\u0101ja <\/span><b>Zaiga P\u016bce<\/b><span style=\"font-weight: 400;\"> iepaz\u012bstin\u0101ja ar fonda m\u0113r\u0137iem un iniciat\u012bv\u0101m un aicin\u0101ja ikvienu padom\u0101t par iesp\u0113ju k\u013c\u016bt par mecen\u0101tu. LU fonds pied\u0101v\u0101 daudzveid\u012bgas stipendijas visos augst\u0101k\u0101s izgl\u012bt\u012bbas l\u012bme\u0146os. Fonds dom\u0101 ar\u012b par da\u017e\u0101du jaunin\u0101jumu ievie\u0161anu, kas veicin\u0101tu akad\u0113misk\u0101s kopienas att\u012bst\u012bbu. Vair\u0101k par fonda stipendij\u0101m var uzzin\u0101t <\/span><a href=\"https:\/\/fonds.lv\/scholarships\"><span style=\"font-weight: 400;\">\u0161eit<\/span><\/a><span style=\"font-weight: 400;\">. T\u0101pat Zaiga inform\u0113ja par semin\u0101ru ciklu, ko fonds uzs\u0101cis ar m\u0113r\u0137i piesaist\u012bt \u0101rvalstu zin\u0101tniekus atbraukt uz Latviju \u2013 Akad\u0113miskie las\u012bjumi Latvijas Universit\u0101t\u0113. Pas\u0101kums ir atv\u0113rts ikvienam. Septembr\u012b Latvij\u0101 viesoj\u0101s ASV fotogr\u0101fs Deivids Bernets (<\/span><i><span style=\"font-weight: 400;\">David Burnett<\/span><\/i><span style=\"font-weight: 400;\">) ar lekciju \u201cPolitikas zin\u0101tnes studenta ce\u013c\u0161 l\u012bdz pasaules l\u012bderu fotogr\u0101fam\u201d. Vair\u0101k inform\u0101cijas <\/span><a href=\"https:\/\/fonds.lv\/events\/464\"><span style=\"font-weight: 400;\">\u0161eit<\/span><\/a><span style=\"font-weight: 400;\">.<\/span><\/p>\n<h5><b>Lindavas Nobela laure\u0101tu san\u0101ksme<\/b><\/h5>\n<p><span style=\"font-weight: 400;\">LJZA biedre <\/span><b>Laura Laimi\u0146a<\/b><span style=\"font-weight: 400;\"> st\u0101st\u012bja par pieredz\u0113to <\/span><b>Lindavas Nobela laure\u0101tu san\u0101ksm\u0113<\/b><span style=\"font-weight: 400;\">. Lindavas Nobela laure\u0101tu san\u0101ksme ir starptautisks forums, kas kop\u0161 1951. gada norisin\u0101s Bav\u0101rijas pils\u0113t\u0101 Lindav\u0101, V\u0101cij\u0101. San\u0101ksm\u0113 tiekas Nobela pr\u0113mijas laure\u0101ti un izcil\u0101kie jaunie zin\u0101tnieki no visas pasaules. Par Lauras pieredzi vari izlas\u012bt laikraksta\u00a0 \u201cZin\u0101tnes V\u0113stnesis\u201d j\u016blija numur\u0101 <\/span><a href=\"https:\/\/www.lza.lv\/publikacijas\/zinatnes-vestnesis\/2300-latvijas-talantiga-kimike-laura-laimina-tiekas-ar-nobela-premijas-laureatiem-zinatnes-vestnesis\"><span style=\"font-weight: 400;\">\u0161eit<\/span><\/a><span style=\"font-weight: 400;\">. Par pas\u0101kumu vair\u0101k vari uzzin\u0101t ofici\u0101laj\u0101 interneta vietn\u0113 <\/span><a href=\"https:\/\/www.lindau-nobel.org\/\"><span style=\"font-weight: 400;\">\u0161eit<\/span><\/a><span style=\"font-weight: 400;\">.<\/span><\/p>\n<h5><b>P\u0113t\u012bjumu komercializ\u0101cija<\/b><\/h5>\n<p style=\"text-align: center;\"><img decoding=\"async\" class=\"wp-image-7610 aligncenter\" src=\"https:\/\/jauniezinatnieki.lv\/wp-content\/uploads\/2025\/09\/707b19f2-6f2b-445a-af3c-c54e75572466.jpg\" alt=\"\" width=\"363\" height=\"483\" srcset=\"https:\/\/jauniezinatnieki.lv\/wp-content\/uploads\/2025\/09\/707b19f2-6f2b-445a-af3c-c54e75572466.jpg 1445w, https:\/\/jauniezinatnieki.lv\/wp-content\/uploads\/2025\/09\/707b19f2-6f2b-445a-af3c-c54e75572466-270x360.jpg 270w, https:\/\/jauniezinatnieki.lv\/wp-content\/uploads\/2025\/09\/707b19f2-6f2b-445a-af3c-c54e75572466-768x1024.jpg 768w, https:\/\/jauniezinatnieki.lv\/wp-content\/uploads\/2025\/09\/707b19f2-6f2b-445a-af3c-c54e75572466-1152x1536.jpg 1152w, https:\/\/jauniezinatnieki.lv\/wp-content\/uploads\/2025\/09\/707b19f2-6f2b-445a-af3c-c54e75572466-9x12.jpg 9w\" sizes=\"(max-width: 363px) 100vw, 363px\" \/>Att\u0113l\u0101 EIT kopienas vad\u012bt\u0101js Latvij\u0101 Antons Adamovi\u010ds<\/p>\n<p><span style=\"font-weight: 400;\">EIT kopienas vad\u012bt\u0101js Latvij\u0101<\/span><b> Antons Adamovi\u010ds <\/b><span style=\"font-weight: 400;\">inform\u0113ja par programm\u0101m, kur zin\u0101tnieki var sadarboties ar uz\u0146\u0113m\u0113jiem, lai zin\u0101tniskas idejas p\u0101rtaptu veiksm\u012bgos projektos \u2013 <\/span><a href=\"https:\/\/www.eitdeeptechtalent.eu\/\"><span style=\"font-weight: 400;\">EIT Deep Tech Talent initiative<\/span><\/a><span style=\"font-weight: 400;\"> un <\/span><a href=\"https:\/\/www.commercializationreactor.com\/\"><span style=\"font-weight: 400;\">komercializ\u0101cijas reaktoru<\/span><\/a><span style=\"font-weight: 400;\">.<\/span><\/p>\n<h5><b>LJZA aktualit\u0101tes<\/b><\/h5>\n<p><span style=\"font-weight: 400;\">T\u0101pat inform\u0113j\u0101m biedrus par LJZA rudens sezonas pas\u0101kumiem (Zin\u0101tnes pusstops 18. septembr\u012b, LJZA rudens p\u0101rg\u0101jiens oktobra beig\u0101s un LNB semin\u0101ru cikls) un <\/span><b>20 gadu jubilejas<\/b><span style=\"font-weight: 400;\"> pl\u0101niem. <\/span><b>Rasma P\u012bpi\u0137e<\/b><span style=\"font-weight: 400;\"> sniedza ieskatu <\/span><b>Vasaras skolas 2025<\/b><span style=\"font-weight: 400;\"> noris\u0113 un dal\u012bbnieku atzi\u0146\u0101s par pas\u0101kumu. LJZA pateicas LU Doktorant\u016bras skolai par atbalstu ar telp\u0101m.\u00a0<\/span><\/p>\n<hr \/>\n<p>&nbsp;<\/p>\n<p><em>Raksts ir sagatavots ar Sabiedr\u012bbas integr\u0101cijas fonda finansi\u0101lu atbalstu no Latvijas valsts bud\u017eeta l\u012bdzek\u013ciem. Par raksta saturu atbild Latvijas Jauno zin\u0101tnieku apvien\u012bba.<\/em><\/p>\n<p><img loading=\"lazy\" decoding=\"async\" class=\"alignnone size-full wp-image-7681\" src=\"https:\/\/jauniezinatnieki.lv\/wp-content\/uploads\/2025\/10\/SIF-logo.png\" alt=\"\" width=\"86\" height=\"74\" \/><\/p>","protected":false},"excerpt":{"rendered":"<p>2025. gada 9. septembr\u012b Latvijas Universit\u0101tes Doktorant\u016bras skolas telp\u0101s un tie\u0161saist\u0113 norisin\u0101j\u0101s Latvijas Jauno zin\u0101tnieku apvien\u012bbas (LJZA) ikm\u0113ne\u0161a atkl\u0101t\u0101 valdes s\u0113de. \u0160om\u0113nes uz\u0146\u0113m\u0101m vair\u0101kus viesus, lai iepaz\u012bstin\u0101tu LJZA biedrus ar da\u017e\u0101d\u0101m iesp\u0113j\u0101m doktorantiem un jaunajiem zin\u0101tniekiem. Latvijas Zin\u0101tnes padomes aktualit\u0101tes Att\u0113l\u0101 LJZA biedre Darja Aksjonova (LZP) LJZA biedre Darja Aksjonova (LZP) st\u0101st\u012bja par EURAXESS aktualit\u0101t\u0113m [&hellip;]<\/p>","protected":false},"author":16,"featured_media":7607,"comment_status":"closed","ping_status":"closed","sticky":false,"template":"","format":"standard","meta":{"_acf_changed":false,"footnotes":""},"categories":[162],"tags":[],"class_list":["post-7605","post","type-post","status-publish","format-standard","has-post-thumbnail","hentry","category-zinas"],"acf":[],"_links":{"self":[{"href":"https:\/\/jauniezinatnieki.lv\/en\/wp-json\/wp\/v2\/posts\/7605","targetHints":{"allow":["GET"]}}],"collection":[{"href":"https:\/\/jauniezinatnieki.lv\/en\/wp-json\/wp\/v2\/posts"}],"about":[{"href":"https:\/\/jauniezinatnieki.lv\/en\/wp-json\/wp\/v2\/types\/post"}],"author":[{"embeddable":true,"href":"https:\/\/jauniezinatnieki.lv\/en\/wp-json\/wp\/v2\/users\/16"}],"replies":[{"embeddable":true,"href":"https:\/\/jauniezinatnieki.lv\/en\/wp-json\/wp\/v2\/comments?post=7605"}],"version-history":[{"count":4,"href":"https:\/\/jauniezinatnieki.lv\/en\/wp-json\/wp\/v2\/posts\/7605\/revisions"}],"predecessor-version":[{"id":8047,"href":"https:\/\/jauniezinatnieki.lv\/en\/wp-json\/wp\/v2\/posts\/7605\/revisions\/8047"}],"wp:featuredmedia":[{"embeddable":true,"href":"https:\/\/jauniezinatnieki.lv\/en\/wp-json\/wp\/v2\/media\/7607"}],"wp:attachment":[{"href":"https:\/\/jauniezinatnieki.lv\/en\/wp-json\/wp\/v2\/media?parent=7605"}],"wp:term":[{"taxonomy":"category","embeddable":true,"href":"https:\/\/jauniezinatnieki.lv\/en\/wp-json\/wp\/v2\/categories?post=7605"},{"taxonomy":"post_tag","embeddable":true,"href":"https:\/\/jauniezinatnieki.lv\/en\/wp-json\/wp\/v2\/tags?post=7605"}],"curies":[{"name":"wp","href":"https:\/\/api.w.org\/{rel}","templated":true}]}}