{"id":7660,"date":"2025-10-20T00:54:56","date_gmt":"2025-10-19T21:54:56","guid":{"rendered":"https:\/\/jauniezinatnieki.lv\/?p=7660"},"modified":"2025-10-20T00:57:18","modified_gmt":"2025-10-19T21:57:18","slug":"aicinam-apmeklet-diskusiju-par-zinatnes-politiku","status":"publish","type":"post","link":"https:\/\/jauniezinatnieki.lv\/en\/aicinam-apmeklet-diskusiju-par-zinatnes-politiku\/","title":{"rendered":"Aicin\u0101m apmekl\u0113t diskusiju par zin\u0101tnes politiku"},"content":{"rendered":"<h2>ZIN\u0100TNES POLITIKA \u2013 ATSP\u0112RIENS VAI SP\u0112RIENS LATVIJAS IZAUGSMEI?<\/h2>\n<p>Atz\u012bm\u0113jot 20 past\u0101v\u0113\u0161anas gadus, Latvijas Jauno zin\u0101tnieku apvien\u012bba aicina uz \u012bpa\u0161u diskusiju ciklu, kas aktualiz\u0113 jaut\u0101jumus par zin\u0101tnes un sabiedr\u012bbas mijiedarb\u012bbu. Cikls notiek sadarb\u012bb\u0101 ar Latvijas Nacion\u0101lo bibliot\u0113ku, kur katrs pas\u0101kums b\u016bs velt\u012bts k\u0101dam Latvijas zin\u0101tnes att\u012bst\u012bbai b\u016btiskam jaut\u0101jumam.<\/p>\n<p>Pirm\u0101 pane\u013cdiskusija: ZIN\u0100TNES POLITIKA \u2013 ATSP\u0112RIENS VAI SP\u0112RIENS LATVIJAS IZAUGSMEI?<br \/>\nKad: 28. oktobr\u012b, 17:30 \u201319:00<br \/>\nKur: Latvijas Nacion\u0101l\u0101 bibliot\u0113ka (ASIARES las\u012btava)<\/p>\n<p><a href=\"https:\/\/docs.google.com\/forms\/d\/e\/1FAIpQLSfALAhdWCGcJzh5TDHuZs9Ck6vZsttrHhZ_G8JaS-76TpNPlw\/viewform\"><strong>Registr\u0101cijas anketa<\/strong><\/a> atv\u0113rta l\u012bdz 27.10.2025. plkst. 17.00<\/p>\n<p>Diskusij\u0101 piedal\u0101s:<br \/>\n<strong>Kristaps Jaudzems<\/strong>, Latvijas Universit\u0101tes Medic\u012bnas un dz\u012bv\u012bbas zin\u0101t\u0146u fakult\u0101tes dek\u0101ns, profesors<br \/>\n<strong>Anto\u0146ina \u0145ena\u0161eva<\/strong>, 14. Saeimas deput\u0101te<br \/>\n<strong>Kaspars Gork\u0161s<\/strong>, Latvijas Darba dev\u0113ju konfeder\u0101cijas \u0123ener\u0101ldirektors<br \/>\n<strong>Anna Lei\u0161kalne<\/strong>, Izgl\u012bt\u012bbas un zin\u0101tnes ministrijas Augst\u0101k\u0101s izgl\u012bt\u012bbas, zin\u0101tnes un inov\u0101ciju departamenta direktora vietniece zin\u0101tnes jom\u0101<br \/>\nDiskusiju moder\u0113s: <strong>Ingus P\u0113rkons<\/strong>, LJZA valdes loceklis un zin\u0101tnisk\u0101 instit\u016bta \u201cBIOR\u201d p\u0113tnieks.<\/p>\n<p>Zin\u0101tne ir viens no sp\u0113c\u012bg\u0101kajiem sabiedr\u012bbas un ekonomikas dzin\u0113jsp\u0113kiem, ta\u010du Latvij\u0101 t\u0101s potenci\u0101ls joproj\u0101m nav pilnv\u0113rt\u012bgi izmantots. Pane\u013cdiskusij\u0101 mekl\u0113sim atbildes uz jaut\u0101jumu: k\u0101 padar\u012bt zin\u0101tni par centr\u0101lu, nevis margin\u0101lu valsts att\u012bst\u012bbas priorit\u0101ti? Run\u0101sim gan par sasniegumiem, gan izaicin\u0101jumiem, kas v\u0113l st\u0101v priek\u0161\u0101.<br \/>\nSarun\u0101 piev\u0113rs\u012bsimies tam, k\u0101 izveidot ilgtsp\u0113j\u012bgu zin\u0101tnes cilv\u0113kkapit\u0101la politiku, kur\u0101 doktorantu un p\u0113cdoktorantu atbalsts k\u013c\u016bst par past\u0101v\u012bgu ieguld\u012bjumu n\u0101kotn\u0113, nevis \u012bslaic\u012bgu iniciat\u012bvu. Diskusijas dal\u012bbnieki mekl\u0113s ar\u012b risin\u0101jumus, k\u0101 veidot regul\u0101ru dialogu starp zin\u0101tniekiem un l\u0113mumu pie\u0146\u0113m\u0113jiem, lai pier\u0101d\u012bjumos balst\u012bta pieeja k\u013c\u016btu par neat\u0146emamu politikas, tostarp zin\u0101tnes politikas, sast\u0101vda\u013cu. Vienlaikus run\u0101sim ar\u012b par to, k\u0101 veicin\u0101t dialogu un main\u012bt sabiedr\u012bbas un politi\u0137u priek\u0161status par zin\u0101tni k\u0101 tikai t\u016bl\u012bt\u0113ju inov\u0101ciju avotu, uzsverot t\u0101s noz\u012bmi dro\u0161\u012bbas, vesel\u012bbas un labkl\u0101j\u012bbas stiprin\u0101\u0161an\u0101.<\/p>\n<p>Pas\u0101kumu finansi\u0101li atbalsta Sabiedr\u012bbas integr\u0101cijas fonds no Latvijas valsts bud\u017eeta l\u012bdzek\u013ciem.<\/p>","protected":false},"excerpt":{"rendered":"<p>ZIN\u0100TNES POLITIKA \u2013 ATSP\u0112RIENS VAI SP\u0112RIENS LATVIJAS IZAUGSMEI? Atz\u012bm\u0113jot 20 past\u0101v\u0113\u0161anas gadus, Latvijas Jauno zin\u0101tnieku apvien\u012bba aicina uz \u012bpa\u0161u diskusiju ciklu, kas aktualiz\u0113 jaut\u0101jumus par zin\u0101tnes un sabiedr\u012bbas mijiedarb\u012bbu. Cikls notiek sadarb\u012bb\u0101 ar Latvijas Nacion\u0101lo bibliot\u0113ku, kur katrs pas\u0101kums b\u016bs velt\u012bts k\u0101dam Latvijas zin\u0101tnes att\u012bst\u012bbai b\u016btiskam jaut\u0101jumam. Pirm\u0101 pane\u013cdiskusija: ZIN\u0100TNES POLITIKA \u2013 ATSP\u0112RIENS VAI SP\u0112RIENS [&hellip;]<\/p>","protected":false},"author":17,"featured_media":7631,"comment_status":"closed","ping_status":"closed","sticky":false,"template":"","format":"standard","meta":{"_acf_changed":false,"footnotes":""},"categories":[161],"tags":[],"class_list":["post-7660","post","type-post","status-publish","format-standard","has-post-thumbnail","hentry","category-pasakumi-aktualitates"],"acf":[],"_links":{"self":[{"href":"https:\/\/jauniezinatnieki.lv\/en\/wp-json\/wp\/v2\/posts\/7660","targetHints":{"allow":["GET"]}}],"collection":[{"href":"https:\/\/jauniezinatnieki.lv\/en\/wp-json\/wp\/v2\/posts"}],"about":[{"href":"https:\/\/jauniezinatnieki.lv\/en\/wp-json\/wp\/v2\/types\/post"}],"author":[{"embeddable":true,"href":"https:\/\/jauniezinatnieki.lv\/en\/wp-json\/wp\/v2\/users\/17"}],"replies":[{"embeddable":true,"href":"https:\/\/jauniezinatnieki.lv\/en\/wp-json\/wp\/v2\/comments?post=7660"}],"version-history":[{"count":3,"href":"https:\/\/jauniezinatnieki.lv\/en\/wp-json\/wp\/v2\/posts\/7660\/revisions"}],"predecessor-version":[{"id":7663,"href":"https:\/\/jauniezinatnieki.lv\/en\/wp-json\/wp\/v2\/posts\/7660\/revisions\/7663"}],"wp:featuredmedia":[{"embeddable":true,"href":"https:\/\/jauniezinatnieki.lv\/en\/wp-json\/wp\/v2\/media\/7631"}],"wp:attachment":[{"href":"https:\/\/jauniezinatnieki.lv\/en\/wp-json\/wp\/v2\/media?parent=7660"}],"wp:term":[{"taxonomy":"category","embeddable":true,"href":"https:\/\/jauniezinatnieki.lv\/en\/wp-json\/wp\/v2\/categories?post=7660"},{"taxonomy":"post_tag","embeddable":true,"href":"https:\/\/jauniezinatnieki.lv\/en\/wp-json\/wp\/v2\/tags?post=7660"}],"curies":[{"name":"wp","href":"https:\/\/api.w.org\/{rel}","templated":true}]}}