{"id":7852,"date":"2025-11-27T22:59:10","date_gmt":"2025-11-27T19:59:10","guid":{"rendered":"https:\/\/jauniezinatnieki.lv\/?p=7852"},"modified":"2026-01-28T00:06:57","modified_gmt":"2026-01-27T21:06:57","slug":"diskusija-par-kopienu-un-migraciju-latvijas-nacionalaja-biblioteka","status":"publish","type":"post","link":"https:\/\/jauniezinatnieki.lv\/en\/diskusija-par-kopienu-un-migraciju-latvijas-nacionalaja-biblioteka\/","title":{"rendered":"Diskusija par kopienu un migr\u0101ciju Latvijas Nacion\u0101laj\u0101 bibliot\u0113k\u0101"},"content":{"rendered":"<div data-elementor-type=\"wp-post\" data-elementor-id=\"7852\" class=\"elementor elementor-7852\" data-elementor-post-type=\"post\">\n\t\t\t\t<div class=\"elementor-element elementor-element-80b5e42 e-flex e-con-boxed e-con e-parent\" data-id=\"80b5e42\" data-element_type=\"container\">\n\t\t\t\t\t<div class=\"e-con-inner\">\n\t\t\t\t<div class=\"elementor-element elementor-element-b942cc5 elementor-widget elementor-widget-text-editor\" data-id=\"b942cc5\" data-element_type=\"widget\" data-widget_type=\"text-editor.default\">\n\t\t\t\t<div class=\"elementor-widget-container\">\n\t\t\t<style>\/*! elementor - v3.22.0 - 17-06-2024 *\/\n.elementor-widget-text-editor.elementor-drop-cap-view-stacked .elementor-drop-cap{background-color:#69727d;color:#fff}.elementor-widget-text-editor.elementor-drop-cap-view-framed .elementor-drop-cap{color:#69727d;border:3px solid;background-color:transparent}.elementor-widget-text-editor:not(.elementor-drop-cap-view-default) .elementor-drop-cap{margin-top:8px}.elementor-widget-text-editor:not(.elementor-drop-cap-view-default) .elementor-drop-cap-letter{width:1em;height:1em}.elementor-widget-text-editor .elementor-drop-cap{float:left;text-align:center;line-height:1;font-size:50px}.elementor-widget-text-editor .elementor-drop-cap-letter{display:inline-block}<\/style>\t\t\t\t<h4><span style=\"font-weight: 400;\">26.11.2025. Latvijas Nacion\u0101l\u0101s bibliot\u0113kas Konferen\u010du centr\u0101 notika Latvijas Jauno zin\u0101tnieku apvien\u012bbas (LJZA) diskusiju cikla \u201cZin\u0101tne sabiedr\u012bbai\u201d otr\u0101 diskusija par kopienu un migr\u0101ciju.<\/span><\/h4>\t\t\t\t\t\t<\/div>\n\t\t\t\t<\/div>\n\t\t\t\t\t<\/div>\n\t\t\t\t<\/div>\n\t\t<div class=\"elementor-element elementor-element-9450315 e-flex e-con-boxed e-con e-parent\" data-id=\"9450315\" data-element_type=\"container\">\n\t\t\t\t\t<div class=\"e-con-inner\">\n\t\t\t\t<div class=\"elementor-element elementor-element-1677ce2 elementor-widget elementor-widget-heading\" data-id=\"1677ce2\" data-element_type=\"widget\" data-widget_type=\"heading.default\">\n\t\t\t\t<div class=\"elementor-widget-container\">\n\t\t\t<style>\/*! elementor - v3.22.0 - 17-06-2024 *\/\n.elementor-heading-title{padding:0;margin:0;line-height:1}.elementor-widget-heading .elementor-heading-title[class*=elementor-size-]>a{color:inherit;font-size:inherit;line-height:inherit}.elementor-widget-heading .elementor-heading-title.elementor-size-small{font-size:15px}.elementor-widget-heading .elementor-heading-title.elementor-size-medium{font-size:19px}.elementor-widget-heading .elementor-heading-title.elementor-size-large{font-size:29px}.elementor-widget-heading .elementor-heading-title.elementor-size-xl{font-size:39px}.elementor-widget-heading .elementor-heading-title.elementor-size-xxl{font-size:59px}<\/style><h2 class=\"elementor-heading-title elementor-size-default\">Diskusija par kopienas noz\u012bmi<\/h2>\t\t<\/div>\n\t\t\t\t<\/div>\n\t\t\t\t<div class=\"elementor-element elementor-element-5905891 elementor-widget elementor-widget-text-editor\" data-id=\"5905891\" data-element_type=\"widget\" data-widget_type=\"text-editor.default\">\n\t\t\t\t<div class=\"elementor-widget-container\">\n\t\t\t\t\t\t\t<p>Diskusij\u0101 \u201c<strong>Kopienas sp\u0113ks individu\u0101lisma \u0113n\u0101<\/strong>\u201d tika iez\u012bm\u0113ts kopienas j\u0113dziens un pieder\u012bbas saj\u016btas loma migr\u0101cijas procesos, mekl\u0113jot atbildes uz jaut\u0101jumu: \u201cVai kopiena var b\u016bt sp\u0113ks, kas pal\u012bdz atgriezties, sak\u0146oties un augt?\u201d Diskusiju vad\u012bja LJZA valdes locekle, Latvijas Universit\u0101tes Medic\u012bnas un dz\u012bv\u012bbas zin\u0101t\u0146u fakult\u0101tes p\u0113tniece <strong>Aina Semjonova<\/strong>. Diskusij\u0101 piedal\u012bj\u0101s:<\/p><ul><li aria-level=\"1\"><strong>Kristaps Loze<\/strong>, zv\u0113rin\u0101ts advok\u0101ts, biju\u0161ais AppLV valdes priek\u0161s\u0113d\u0113t\u0101js,<\/li><li aria-level=\"1\"><strong>Iveta Ozola-C\u012brule<\/strong>, psiholo\u0123e, remigr\u0101cijas p\u0113tniece un docente Latvijas Universit\u0101t\u0113,<\/li><li aria-level=\"1\"><strong>D\u0101rta Aps\u012bte<\/strong>, komunik\u0101cijas dizaina studijas \u201cAusme\u201d rado\u0161\u0101 direktore, bijus\u012b nodibin\u0101juma 2&#215;2 padomes locekle, rado\u0161as dom\u0101\u0161anas un jaunie\u0161u kopienu veido\u0161anas prakti\u0137e.<\/li><\/ul>\t\t\t\t\t\t<\/div>\n\t\t\t\t<\/div>\n\t\t\t\t\t<\/div>\n\t\t\t\t<\/div>\n\t\t<div class=\"elementor-element elementor-element-0576a02 e-flex e-con-boxed e-con e-parent\" data-id=\"0576a02\" data-element_type=\"container\">\n\t\t\t\t\t<div class=\"e-con-inner\">\n\t\t\t\t<div class=\"elementor-element elementor-element-bc85bdf elementor-widget__width-initial elementor-widget elementor-widget-text-editor\" data-id=\"bc85bdf\" data-element_type=\"widget\" data-widget_type=\"text-editor.default\">\n\t\t\t\t<div class=\"elementor-widget-container\">\n\t\t\t\t\t\t\t<p>Diskusijas ies\u0101kum\u0101 dal\u012bbnieki defin\u0113ja kopienas j\u0113dzienu. Run\u0101t\u0101ji atzina, ka pieder\u012bbas saj\u016btu veido virkne savstarp\u0113ji saist\u012btu faktoru: kop\u012bga identit\u0101te un st\u0101sti, l\u012bdz\u012bgas v\u0113rt\u012bbas, savstarp\u0113ja uztic\u0113\u0161an\u0101s, emocion\u0101l\u0101 dro\u0161\u012bba, atbalsta saj\u016bta un p\u0101rliec\u012bba, ka konkr\u0113taj\u0101 cilv\u0113ku lok\u0101 ir pie\u0146emti da\u017e\u0101di viedok\u013ci un pieredzes.<\/p><p>M\u016bsdienu main\u012bgaj\u0101, uz individu\u0101lismu tend\u0113taj\u0101 laik\u0101 ir pazudis j\u0113dziens \u201cciems\u201d, it sevi\u0161\u0137i t\u0101 \u0123eogr\u0101fiskaj\u0101 noz\u012bm\u0113. Tom\u0113r cilv\u0113ka psiholo\u0123ija liek mekl\u0113t un uztur\u0113t saikni ar sav\u0113jiem. <strong>I. Ozola-C\u012brule<\/strong> prezent\u0101cij\u0101 \u201cKopienas sp\u0113ks\u201d sniedza zin\u0101tn\u0113 balst\u012btu skaidrojumu par kopienas lomu sabiedr\u012bb\u0101. <strong>I. Ozola-C\u012brule<\/strong> nor\u0101d\u012bja, ka kopiena ir soci\u0101lais, emocion\u0101lais un psiholo\u0123iskais resurss, kas sp\u0113j uzlabot vesel\u012bbu un ilgdz\u012bvi. Aptaujas par\u0101da, ka Latvijas iedz\u012bvot\u0101jiem rakstur\u012bgs augsts individu\u0101lisma l\u012bmenis un zema uztic\u0113\u0161an\u0101s, kas jo sevi\u0161\u0137i aktualiz\u0113 vajadz\u012bbu run\u0101t par kopien\u0101m un mekl\u0113t veidus, k\u0101 t\u0101s stiprin\u0101t.<\/p><p>T\u0101l\u0101k diskusij\u0101 tika run\u0101ts par to, ko saprotam ar v\u0101rdu \u201cm\u0113s\u201d, un k\u0101 latvie\u0161i uztver migr\u0101cijas jaut\u0101jumus. <strong>K. Loze<\/strong> un <strong>I. Ozola-C\u012brule<\/strong> dal\u012bj\u0101s person\u012bgaj\u0101 pieredz\u0113 un raksturoja izaicin\u0101jumus, ar kuriem, atgrie\u017eoties Latvij\u0101, saskaras remigranti, piem\u0113ram, nepieder\u012bbas saj\u016btu, p\u0101rmai\u0146as identit\u0101t\u0113 p\u0113c ilg\u0101ka laika \u0101rzem\u0113s, satraukumu par to, vai \u201csav\u0113jie\u201d vi\u0146us pie\u0146ems. Tika min\u0113ti ar\u012b praktiski \u0161\u0137\u0113r\u0161\u013ci: sare\u017e\u0123\u012bti administrat\u012bvie procesi, p\u0101rpratumi sazi\u0146\u0101 un at\u0161\u0137ir\u012bgas gaidas no \u0123imenes vai viet\u0113j\u0101s kopienas.\u00a0<\/p>\t\t\t\t\t\t<\/div>\n\t\t\t\t<\/div>\n\t\t\t\t<div class=\"elementor-element elementor-element-6d08630 elementor-widget elementor-widget-image\" data-id=\"6d08630\" data-element_type=\"widget\" data-widget_type=\"image.default\">\n\t\t\t\t<div class=\"elementor-widget-container\">\n\t\t\t<style>\/*! elementor - v3.22.0 - 17-06-2024 *\/\n.elementor-widget-image{text-align:center}.elementor-widget-image a{display:inline-block}.elementor-widget-image a img[src$=\".svg\"]{width:48px}.elementor-widget-image img{vertical-align:middle;display:inline-block}<\/style>\t\t\t\t\t\t\t\t\t\t<img fetchpriority=\"high\" decoding=\"async\" width=\"768\" height=\"1024\" src=\"https:\/\/jauniezinatnieki.lv\/wp-content\/uploads\/2025\/11\/WhatsApp-Image-2025-11-27-at-18.19.34-1-768x1024.jpeg\" class=\"attachment-large size-large wp-image-7859\" alt=\"Aina Semjonova moder\u0113 diskusiju par kopienu un remigr\u0101ciju Latvijas Nacion\u0101laj\u0101 bibliot\u0113k\u0101.\" srcset=\"https:\/\/jauniezinatnieki.lv\/wp-content\/uploads\/2025\/11\/WhatsApp-Image-2025-11-27-at-18.19.34-1-768x1024.jpeg 768w, https:\/\/jauniezinatnieki.lv\/wp-content\/uploads\/2025\/11\/WhatsApp-Image-2025-11-27-at-18.19.34-1-270x360.jpeg 270w, https:\/\/jauniezinatnieki.lv\/wp-content\/uploads\/2025\/11\/WhatsApp-Image-2025-11-27-at-18.19.34-1-1152x1536.jpeg 1152w, https:\/\/jauniezinatnieki.lv\/wp-content\/uploads\/2025\/11\/WhatsApp-Image-2025-11-27-at-18.19.34-1-9x12.jpeg 9w, https:\/\/jauniezinatnieki.lv\/wp-content\/uploads\/2025\/11\/WhatsApp-Image-2025-11-27-at-18.19.34-1.jpeg 1345w\" sizes=\"(max-width: 768px) 100vw, 768px\" \/>\t\t\t\t\t\t\t\t\t\t\t\t\t<\/div>\n\t\t\t\t<\/div>\n\t\t\t\t\t<\/div>\n\t\t\t\t<\/div>\n\t\t<div class=\"elementor-element elementor-element-960f142 e-flex e-con-boxed e-con e-parent\" data-id=\"960f142\" data-element_type=\"container\">\n\t\t\t\t\t<div class=\"e-con-inner\">\n\t\t\t\t<div class=\"elementor-element elementor-element-dbc1fb6 elementor-widget elementor-widget-text-editor\" data-id=\"dbc1fb6\" data-element_type=\"widget\" data-widget_type=\"text-editor.default\">\n\t\t\t\t<div class=\"elementor-widget-container\">\n\t\t\t\t\t\t\t<p>Remigr\u0101cijas pieredzi var apgr\u016btin\u0101t gan latvie\u0161iem rakstur\u012bgi augstais individu\u0101lisma l\u012bmenis un attieksmes jaut\u0101jumi, gan ar\u012b juridisk\u0101 un administrat\u012bv\u0101 vide. Diskusij\u0101 izskan\u0113ja, ka daudzi remigranti, atgrie\u017eoties Latvij\u0101 p\u0113c vair\u0101kiem gadiem \u0101rzem\u0113s, sastopas ar negaid\u012bt\u0101m soci\u0101l\u0101m un praktisk\u0101m barjer\u0101m \u2014 s\u0101kot ar p\u0101rsteigumu, ka vi\u0146u pieredze tiek uztverta ar zin\u0101mu piesardz\u012bbu, un beidzot ar saj\u016btu, ka \u201cviet\u0101 ir j\u0101pier\u0101da sevi no jauna\u201d. Ne vienm\u0113r viet\u0113j\u0101 kopiena ir atbalsto\u0161a: nereti tiek kritiski v\u0113rt\u0113ti gan at\u0161\u0137ir\u012bgi uzskati, gan jaunas idejas, ko remigranti cen\u0161as ieviest. Run\u0101t\u0101ji nor\u0101d\u012bja ar\u012b uz birokr\u0101tiskajiem \u0161\u0137\u0113r\u0161\u013ciem: sare\u017e\u0123\u012btu dokumentu apriti, ilg\u0101m rind\u0101m, nesaska\u0146ot\u0101m instit\u016bciju pras\u012bb\u0101m. Taj\u0101 pa\u0161\u0101 laik\u0101 tika atz\u012bm\u0113ti ar\u012b pozit\u012bvi piem\u0113ri: pa\u0161vald\u012bbu atbalsta programmas, diasporas organiz\u0101ciju iniciat\u012bvas un iedvesmojo\u0161i st\u0101sti par veiksm\u012bgu integr\u0113\u0161anos darba tirg\u016b un viet\u0113j\u0101s kopien\u0101s.<\/p><p>Remigr\u0101cijas jaut\u0101jums skar da\u017e\u0101dus soci\u0101lus un ekonomiskus valsts att\u012bst\u012bbas aspektus, kas saist\u012bti ar speci\u0101listu atgrie\u0161anos Latvij\u0101 p\u0113c m\u0101c\u012bb\u0101m vai darba \u0101rzem\u0113s. Diskusij\u0101 tika apsp\u0113l\u0113tas fr\u0101zes \u201c<em>brain drain<\/em>\u201d (ang\u013cu val. \u201caizpl\u016bdu\u0161\u0101s smadzenes\u201d jeb aizbrauku\u0161ie speci\u0101listi) un \u201c<em>brain gain<\/em>\u201d (ang\u013cu val. \u201catg\u016bt\u0101s smadzenes\u201d jeb atvest\u0101s kompetences), run\u0101jot par v\u0113rt\u012bbu, ko sabiedr\u012bba var ieg\u016bt caur remigrantiem un vi\u0146u at\u0161\u0137ir\u012bgo pieredzi.<\/p><p>Kopum\u0101 diskusij\u0101 iez\u012bm\u0113j\u0101s, ka remigr\u0101cijas pieredzi veido nevis viens faktors, bet sare\u017e\u0123\u012bts soci\u0101l\u0101s uztveres, kopienes atbalsta un administrat\u012bvo procesu kopums, un jebkur\u0161 no \u0161iem elementiem var gan veicin\u0101t, gan kav\u0113t veiksm\u012bgu atgrie\u0161anos Latvij\u0101.<\/p><p>Diskusijas nosl\u0113gum\u0101 dal\u012bbnieki pied\u0101v\u0101ja vair\u0101kus risin\u0101jumus, k\u0101 uzlabot remigr\u0101cijas pieredzi Latvij\u0101 un vienlaikus stiprin\u0101t kopienas. Tika uzsv\u0113rts, ka b\u016btiska noz\u012bme ir ne tikai valsts instit\u016bciju darbam, bet ar\u012b iedz\u012bvot\u0101ju attieksmei un pa\u0161as kopienas sp\u0113jai b\u016bt atv\u0113rtai da\u017e\u0101d\u012bbai. Dal\u012bbnieki nor\u0101d\u012bja, ka atbalsto\u0161u un dro\u0161u vidi veido ikdienas komunik\u0101cija \u2014 Latvij\u0101 j\u0101stiprina sarun\u0101\u0161an\u0101s kult\u016bra un sadarb\u012bba.<\/p><p>K\u0101 pozit\u012bvi piem\u0113ri tika min\u0113tas kust\u012bbas un iniciat\u012bvas, kas jau \u0161obr\u012bd veicina kopienas izj\u016btu: <a href=\"https:\/\/2x2pasaule.lv\/\" target=\"_blank\" rel=\"noopener\">2&#215;2 jaunie\u0161u nometnes<\/a>, kas stiprina pieder\u012bbu un latvisko identit\u0101ti, un <a href=\"https:\/\/arpasaulespieredzi.lv\/en\/\" target=\"_blank\" rel=\"noopener\">AppLV<\/a>, kas rada platformu sadarb\u012bbai un savstarp\u0113jam atbalstam profesion\u0101\u013cu vid\u016b. \u0160\u0101das iniciat\u012bvas demonstr\u0113, ka kopienas var augt gan lok\u0101li, gan digit\u0101laj\u0101 vid\u0113, ja vien t\u0101m ir skaidrs m\u0113r\u0137is un cilv\u0113ki, kas t\u0101s uztur.<\/p><p>Dal\u012bbnieki vienoj\u0101s, ka sp\u0113c\u012bga kopiena nav pa\u0161saprotama \u2014 t\u0101 ir j\u0101veido apzin\u0101ti. T\u0101 prasa r\u016bpes, atv\u0113rt\u012bbu un gatav\u012bbu pie\u0146emt, ka katrs, kur\u0161 atgrie\u017eas, atnes sev l\u012bdzi v\u0113rt\u012bgu pieredzi, kas var k\u013c\u016bt par kop\u012bgu ieguvumu.<\/p><blockquote><p><strong>A. Semjonova<\/strong> rezum\u0113ja: \u201cDiskusija mums atg\u0101din\u0101ja, ka cilv\u0113ks neaug viens un, lai cilv\u0113ks var\u0113tu atgriezties, ir nepiecie\u0161ams kopienas atbalsts. M\u0113s, Latvija, varam k\u013c\u016bt stipr\u0101ki tikai tad, ja m\u0113s sp\u0113jam paskat\u012bties viens uz otru nevis ar aizdom\u0101m, bet ar interesi. Nevis ar sacens\u012bbu, bet ar atv\u0113rt\u012bbu.\u201d<\/p><\/blockquote>\t\t\t\t\t\t<\/div>\n\t\t\t\t<\/div>\n\t\t\t\t<div class=\"elementor-element elementor-element-7ccfadc elementor-widget elementor-widget-image\" data-id=\"7ccfadc\" data-element_type=\"widget\" data-widget_type=\"image.default\">\n\t\t\t\t<div class=\"elementor-widget-container\">\n\t\t\t\t\t\t\t\t\t\t\t\t\t<img decoding=\"async\" width=\"800\" height=\"600\" src=\"https:\/\/jauniezinatnieki.lv\/wp-content\/uploads\/2025\/11\/WhatsApp-Image-2025-11-27-at-18.19.34-1024x768.jpeg\" class=\"attachment-large size-large wp-image-7860\" alt=\"\" srcset=\"https:\/\/jauniezinatnieki.lv\/wp-content\/uploads\/2025\/11\/WhatsApp-Image-2025-11-27-at-18.19.34-1024x768.jpeg 1024w, https:\/\/jauniezinatnieki.lv\/wp-content\/uploads\/2025\/11\/WhatsApp-Image-2025-11-27-at-18.19.34-360x270.jpeg 360w, https:\/\/jauniezinatnieki.lv\/wp-content\/uploads\/2025\/11\/WhatsApp-Image-2025-11-27-at-18.19.34-768x576.jpeg 768w, https:\/\/jauniezinatnieki.lv\/wp-content\/uploads\/2025\/11\/WhatsApp-Image-2025-11-27-at-18.19.34-16x12.jpeg 16w, https:\/\/jauniezinatnieki.lv\/wp-content\/uploads\/2025\/11\/WhatsApp-Image-2025-11-27-at-18.19.34.jpeg 1530w\" sizes=\"(max-width: 800px) 100vw, 800px\" \/>\t\t\t\t\t\t\t\t\t\t\t\t\t<\/div>\n\t\t\t\t<\/div>\n\t\t\t\t\t<\/div>\n\t\t\t\t<\/div>\n\t\t<div class=\"elementor-element elementor-element-ce97817 e-flex e-con-boxed e-con e-parent\" data-id=\"ce97817\" data-element_type=\"container\">\n\t\t\t\t\t<div class=\"e-con-inner\">\n\t\t\t\t<div class=\"elementor-element elementor-element-e994174 elementor-widget elementor-widget-heading\" data-id=\"e994174\" data-element_type=\"widget\" data-widget_type=\"heading.default\">\n\t\t\t\t<div class=\"elementor-widget-container\">\n\t\t\t<h2 class=\"elementor-heading-title elementor-size-default\">Cikls \u201cZin\u0101tne sabiedr\u012bbai\u201d\n<\/h2>\t\t<\/div>\n\t\t\t\t<\/div>\n\t\t\t\t<div class=\"elementor-element elementor-element-77dc39d elementor-widget elementor-widget-text-editor\" data-id=\"77dc39d\" data-element_type=\"widget\" data-widget_type=\"text-editor.default\">\n\t\t\t\t<div class=\"elementor-widget-container\">\n\t\t\t\t\t\t\t<p><span style=\"font-weight: 400;\">Iez\u012bm\u0113jot Latvijas Jauno zin\u0101tnieku apvien\u012bbas (LJZA) divdesmitgadi, LJZA sadarb\u012bb\u0101 ar Latvijas Nacion\u0101lo bibliot\u0113ku (LNB) r\u012bko diskusiju ciklu \u201cZin\u0101tne sabiedr\u012bbai\u201d. Cikls sast\u0101v no tr\u012bs diskusij\u0101m:<\/span><\/p><ul><li style=\"font-weight: 400;\" aria-level=\"1\"><span style=\"font-weight: 400;\">28.10.2025. \u201c<a href=\"https:\/\/jauniezinatnieki.lv\/en\/diskusija-par-zinatnes-politiku-latvijas-nacionalaja-biblioteka\/\" target=\"_blank\" rel=\"noopener\">ZIN\u0100TNES POLITIKA \u2013 ATSP\u0112RIENS VAI SP\u0112RIENS LATVIJAS IZAUGSMEI?<\/a>\u201d<\/span><\/li><li style=\"font-weight: 400;\" aria-level=\"1\"><span style=\"font-weight: 400;\">26.11.2025. \u201cKOPIENAS SP\u0112KS INDIVIDU\u0100LISMA \u0112N\u0100\u201d<\/span><\/li><li style=\"font-weight: 400;\" aria-level=\"1\"><span style=\"font-weight: 400;\">18.12.2025. \u201c<a href=\"https:\/\/jauniezinatnieki.lv\/en\/aicinam-apmeklet-diskusiju-par-akademisko-godigumu\/\" target=\"_blank\" rel=\"noopener\">KAM UZTIC\u0112T AKAD\u0112MISKO \u0112TIKU LATVIJ\u0100?<\/a>\u201c<\/span><\/li><\/ul>\t\t\t\t\t\t<\/div>\n\t\t\t\t<\/div>\n\t\t\t\t<div class=\"elementor-element elementor-element-bdd5317 elementor-widget-divider--view-line elementor-widget elementor-widget-divider\" data-id=\"bdd5317\" data-element_type=\"widget\" data-widget_type=\"divider.default\">\n\t\t\t\t<div class=\"elementor-widget-container\">\n\t\t\t<style>\/*! elementor - v3.22.0 - 17-06-2024 *\/\n.elementor-widget-divider{--divider-border-style:none;--divider-border-width:1px;--divider-color:#0c0d0e;--divider-icon-size:20px;--divider-element-spacing:10px;--divider-pattern-height:24px;--divider-pattern-size:20px;--divider-pattern-url:none;--divider-pattern-repeat:repeat-x}.elementor-widget-divider .elementor-divider{display:flex}.elementor-widget-divider .elementor-divider__text{font-size:15px;line-height:1;max-width:95%}.elementor-widget-divider .elementor-divider__element{margin:0 var(--divider-element-spacing);flex-shrink:0}.elementor-widget-divider .elementor-icon{font-size:var(--divider-icon-size)}.elementor-widget-divider .elementor-divider-separator{display:flex;margin:0;direction:ltr}.elementor-widget-divider--view-line_icon .elementor-divider-separator,.elementor-widget-divider--view-line_text .elementor-divider-separator{align-items:center}.elementor-widget-divider--view-line_icon .elementor-divider-separator:after,.elementor-widget-divider--view-line_icon .elementor-divider-separator:before,.elementor-widget-divider--view-line_text .elementor-divider-separator:after,.elementor-widget-divider--view-line_text .elementor-divider-separator:before{display:block;content:\"\";border-block-end:0;flex-grow:1;border-block-start:var(--divider-border-width) var(--divider-border-style) var(--divider-color)}.elementor-widget-divider--element-align-left .elementor-divider .elementor-divider-separator>.elementor-divider__svg:first-of-type{flex-grow:0;flex-shrink:100}.elementor-widget-divider--element-align-left .elementor-divider-separator:before{content:none}.elementor-widget-divider--element-align-left .elementor-divider__element{margin-left:0}.elementor-widget-divider--element-align-right .elementor-divider .elementor-divider-separator>.elementor-divider__svg:last-of-type{flex-grow:0;flex-shrink:100}.elementor-widget-divider--element-align-right .elementor-divider-separator:after{content:none}.elementor-widget-divider--element-align-right .elementor-divider__element{margin-right:0}.elementor-widget-divider--element-align-start .elementor-divider .elementor-divider-separator>.elementor-divider__svg:first-of-type{flex-grow:0;flex-shrink:100}.elementor-widget-divider--element-align-start .elementor-divider-separator:before{content:none}.elementor-widget-divider--element-align-start .elementor-divider__element{margin-inline-start:0}.elementor-widget-divider--element-align-end .elementor-divider .elementor-divider-separator>.elementor-divider__svg:last-of-type{flex-grow:0;flex-shrink:100}.elementor-widget-divider--element-align-end .elementor-divider-separator:after{content:none}.elementor-widget-divider--element-align-end .elementor-divider__element{margin-inline-end:0}.elementor-widget-divider:not(.elementor-widget-divider--view-line_text):not(.elementor-widget-divider--view-line_icon) .elementor-divider-separator{border-block-start:var(--divider-border-width) var(--divider-border-style) var(--divider-color)}.elementor-widget-divider--separator-type-pattern{--divider-border-style:none}.elementor-widget-divider--separator-type-pattern.elementor-widget-divider--view-line .elementor-divider-separator,.elementor-widget-divider--separator-type-pattern:not(.elementor-widget-divider--view-line) .elementor-divider-separator:after,.elementor-widget-divider--separator-type-pattern:not(.elementor-widget-divider--view-line) .elementor-divider-separator:before,.elementor-widget-divider--separator-type-pattern:not([class*=elementor-widget-divider--view]) .elementor-divider-separator{width:100%;min-height:var(--divider-pattern-height);-webkit-mask-size:var(--divider-pattern-size) 100%;mask-size:var(--divider-pattern-size) 100%;-webkit-mask-repeat:var(--divider-pattern-repeat);mask-repeat:var(--divider-pattern-repeat);background-color:var(--divider-color);-webkit-mask-image:var(--divider-pattern-url);mask-image:var(--divider-pattern-url)}.elementor-widget-divider--no-spacing{--divider-pattern-size:auto}.elementor-widget-divider--bg-round{--divider-pattern-repeat:round}.rtl .elementor-widget-divider .elementor-divider__text{direction:rtl}.e-con-inner>.elementor-widget-divider,.e-con>.elementor-widget-divider{width:var(--container-widget-width,100%);--flex-grow:var(--container-widget-flex-grow)}<\/style>\t\t<div class=\"elementor-divider\">\n\t\t\t<span class=\"elementor-divider-separator\">\n\t\t\t\t\t\t<\/span>\n\t\t<\/div>\n\t\t\t\t<\/div>\n\t\t\t\t<\/div>\n\t\t\t\t<div class=\"elementor-element elementor-element-539d6aa elementor-widget elementor-widget-text-editor\" data-id=\"539d6aa\" data-element_type=\"widget\" data-widget_type=\"text-editor.default\">\n\t\t\t\t<div class=\"elementor-widget-container\">\n\t\t\t\t\t\t\t<p style=\"text-align: center;\"><span style=\"font-weight: 400;\">Pas\u0101kums tika organiz\u0113ts ar Sabiedr\u012bbas integr\u0101cijas fonda finansi\u0101lo atbalstu no Latvijas valsts bud\u017eeta l\u012bdzek\u013ciem projekta Nr. 2025.LV\/NVOF\/MAC\/070 ietvaros.<\/span><\/p>\t\t\t\t\t\t<\/div>\n\t\t\t\t<\/div>\n\t\t\t\t<div class=\"elementor-element elementor-element-090c21e elementor-widget elementor-widget-image\" data-id=\"090c21e\" data-element_type=\"widget\" data-widget_type=\"image.default\">\n\t\t\t\t<div class=\"elementor-widget-container\">\n\t\t\t\t\t\t\t\t\t\t\t\t\t<img decoding=\"async\" width=\"344\" height=\"284\" src=\"https:\/\/jauniezinatnieki.lv\/wp-content\/uploads\/2026\/01\/SIF_liels-noklusejuma-logotips_1_0.png\" class=\"attachment-large size-large wp-image-8139\" alt=\"\" srcset=\"https:\/\/jauniezinatnieki.lv\/wp-content\/uploads\/2026\/01\/SIF_liels-noklusejuma-logotips_1_0.png 344w, https:\/\/jauniezinatnieki.lv\/wp-content\/uploads\/2026\/01\/SIF_liels-noklusejuma-logotips_1_0-15x12.png 15w\" sizes=\"(max-width: 344px) 100vw, 344px\" \/>\t\t\t\t\t\t\t\t\t\t\t\t\t<\/div>\n\t\t\t\t<\/div>\n\t\t\t\t\t<\/div>\n\t\t\t\t<\/div>\n\t\t\t\t<\/div>","protected":false},"excerpt":{"rendered":"<p>26.11.2025. Latvijas Nacion\u0101l\u0101s bibliot\u0113kas Konferen\u010du centr\u0101 notika Latvijas Jauno zin\u0101tnieku apvien\u012bbas (LJZA) diskusiju cikla \u201cZin\u0101tne sabiedr\u012bbai\u201d otr\u0101 diskusija par kopienu un migr\u0101ciju. Diskusija par kopienas noz\u012bmi Diskusij\u0101 \u201cKopienas sp\u0113ks individu\u0101lisma \u0113n\u0101\u201d tika iez\u012bm\u0113ts kopienas j\u0113dziens un pieder\u012bbas saj\u016btas loma migr\u0101cijas procesos, mekl\u0113jot atbildes uz jaut\u0101jumu: \u201cVai kopiena var b\u016bt sp\u0113ks, kas pal\u012bdz atgriezties, sak\u0146oties un [&hellip;]<\/p>","protected":false},"author":17,"featured_media":7853,"comment_status":"closed","ping_status":"closed","sticky":false,"template":"","format":"standard","meta":{"_acf_changed":false,"footnotes":""},"categories":[161],"tags":[],"class_list":["post-7852","post","type-post","status-publish","format-standard","has-post-thumbnail","hentry","category-pasakumi-aktualitates"],"acf":[],"_links":{"self":[{"href":"https:\/\/jauniezinatnieki.lv\/en\/wp-json\/wp\/v2\/posts\/7852","targetHints":{"allow":["GET"]}}],"collection":[{"href":"https:\/\/jauniezinatnieki.lv\/en\/wp-json\/wp\/v2\/posts"}],"about":[{"href":"https:\/\/jauniezinatnieki.lv\/en\/wp-json\/wp\/v2\/types\/post"}],"author":[{"embeddable":true,"href":"https:\/\/jauniezinatnieki.lv\/en\/wp-json\/wp\/v2\/users\/17"}],"replies":[{"embeddable":true,"href":"https:\/\/jauniezinatnieki.lv\/en\/wp-json\/wp\/v2\/comments?post=7852"}],"version-history":[{"count":5,"href":"https:\/\/jauniezinatnieki.lv\/en\/wp-json\/wp\/v2\/posts\/7852\/revisions"}],"predecessor-version":[{"id":8221,"href":"https:\/\/jauniezinatnieki.lv\/en\/wp-json\/wp\/v2\/posts\/7852\/revisions\/8221"}],"wp:featuredmedia":[{"embeddable":true,"href":"https:\/\/jauniezinatnieki.lv\/en\/wp-json\/wp\/v2\/media\/7853"}],"wp:attachment":[{"href":"https:\/\/jauniezinatnieki.lv\/en\/wp-json\/wp\/v2\/media?parent=7852"}],"wp:term":[{"taxonomy":"category","embeddable":true,"href":"https:\/\/jauniezinatnieki.lv\/en\/wp-json\/wp\/v2\/categories?post=7852"},{"taxonomy":"post_tag","embeddable":true,"href":"https:\/\/jauniezinatnieki.lv\/en\/wp-json\/wp\/v2\/tags?post=7852"}],"curies":[{"name":"wp","href":"https:\/\/api.w.org\/{rel}","templated":true}]}}