{"id":8178,"date":"2026-01-20T14:29:13","date_gmt":"2026-01-20T11:29:13","guid":{"rendered":"https:\/\/jauniezinatnieki.lv\/?p=8178"},"modified":"2026-01-20T14:33:13","modified_gmt":"2026-01-20T11:33:13","slug":"ljza-atklata-vestule-ministru-prezidentei","status":"publish","type":"post","link":"https:\/\/jauniezinatnieki.lv\/en\/ljza-atklata-vestule-ministru-prezidentei\/","title":{"rendered":"LJZA atkl\u0101t\u0101 v\u0113stule Ministru prezidentei"},"content":{"rendered":"<div data-elementor-type=\"wp-post\" data-elementor-id=\"8178\" class=\"elementor elementor-8178\" data-elementor-post-type=\"post\">\n\t\t\t\t<div class=\"elementor-element elementor-element-6750173 e-flex e-con-boxed e-con e-parent\" data-id=\"6750173\" data-element_type=\"container\">\n\t\t\t\t\t<div class=\"e-con-inner\">\n\t\t\t\t<div class=\"elementor-element elementor-element-52cd481 elementor-widget elementor-widget-text-editor\" data-id=\"52cd481\" data-element_type=\"widget\" data-widget_type=\"text-editor.default\">\n\t\t\t\t<div class=\"elementor-widget-container\">\n\t\t\t<style>\/*! elementor - v3.22.0 - 17-06-2024 *\/\n.elementor-widget-text-editor.elementor-drop-cap-view-stacked .elementor-drop-cap{background-color:#69727d;color:#fff}.elementor-widget-text-editor.elementor-drop-cap-view-framed .elementor-drop-cap{color:#69727d;border:3px solid;background-color:transparent}.elementor-widget-text-editor:not(.elementor-drop-cap-view-default) .elementor-drop-cap{margin-top:8px}.elementor-widget-text-editor:not(.elementor-drop-cap-view-default) .elementor-drop-cap-letter{width:1em;height:1em}.elementor-widget-text-editor .elementor-drop-cap{float:left;text-align:center;line-height:1;font-size:50px}.elementor-widget-text-editor .elementor-drop-cap-letter{display:inline-block}<\/style>\t\t\t\t<p><span style=\"font-weight: 400;\">2026. gada janv\u0101r\u012b vald\u012bb\u0101 virz\u012bts, un 13.01.2026. vald\u012bba apstiprin\u0101jusi informat\u012bvo zi\u0146ojumu \u201cPar l\u012bdzfinans\u0113juma nodro\u0161in\u0101\u0161anu projekta IntegroHEALTH (Izcil\u012bbas centrs integr\u0113t\u0101 vienotas vesel\u012bbas ekosist\u0113m\u0101) \u012bsteno\u0161anai\u201d. IntegroHEALTH projekta \u012bsteno\u0161anai nacion\u0101lais l\u012bdzfinans\u0113jums paredz\u0113ts, p\u0101rdalot l\u012bdzek\u013cus no vair\u0101kiem Eiropas Savien\u012bbas Atvese\u013co\u0161anas un notur\u012bbas meh\u0101nisma instrumentiem, tostarp pas\u0101kuma \u201cP\u0113cdoktorant\u016bras p\u0113t\u012bjumi\u201d.<\/span><\/p><p><span style=\"font-weight: 400;\">P\u0113cdoktorant\u016bras p\u0113t\u012bjumu programma ir vien\u012bgais nacion\u0101lais instruments, kas jaunajiem zin\u0101tniekiem p\u0113c doktora gr\u0101da ieg\u016b\u0161anas nodro\u0161ina pilnv\u0113rt\u012bgu atbalstu pa\u0161u zin\u0101tniskaj\u0101m idej\u0101m, \u013caujot turpin\u0101t karjeru Latvij\u0101 un veicinot zin\u0101tnes ataudzi. Savuk\u0101rt nestabils un neprognoz\u0113jams finans\u0113jums palielina risku, ka jaunie p\u0113tnieki pamet\u012bs Latvijas akad\u0113misko vidi, dodoties uz \u0101rzem\u0113m vai mainot karjeru.<\/span><\/p><p><span style=\"font-weight: 400;\">Latvijas Jauno zin\u0101tnieku apvien\u012bba nos\u016bt\u012bjusi atkl\u0101to v\u0113stuli Ministru prezidentei Evikai Sili\u0146ai.<\/span><\/p>\t\t\t\t\t\t<\/div>\n\t\t\t\t<\/div>\n\t\t\t\t<div class=\"elementor-element elementor-element-9f0096e elementor-widget elementor-widget-html\" data-id=\"9f0096e\" data-element_type=\"widget\" data-widget_type=\"html.default\">\n\t\t\t\t<div class=\"elementor-widget-container\">\n\t\t\t<iframe \r\n    src=\"https:\/\/jauniezinatnieki.lv\/wp-content\/uploads\/2026\/01\/ATKLATA_VESTULE_MP_16012026.pdf\"\r\n    width=\"100%\"\r\n    height=\"600px\"\r\n    style=\"border:none;\">\r\n<\/iframe>\t\t<\/div>\n\t\t\t\t<\/div>\n\t\t\t\t\t<\/div>\n\t\t\t\t<\/div>\n\t\t\t\t<\/div>","protected":false},"excerpt":{"rendered":"<p>2026. gada janv\u0101r\u012b vald\u012bb\u0101 virz\u012bts, un 13.01.2026. vald\u012bba apstiprin\u0101jusi informat\u012bvo zi\u0146ojumu \u201cPar l\u012bdzfinans\u0113juma nodro\u0161in\u0101\u0161anu projekta IntegroHEALTH (Izcil\u012bbas centrs integr\u0113t\u0101 vienotas vesel\u012bbas ekosist\u0113m\u0101) \u012bsteno\u0161anai\u201d. IntegroHEALTH projekta \u012bsteno\u0161anai nacion\u0101lais l\u012bdzfinans\u0113jums paredz\u0113ts, p\u0101rdalot l\u012bdzek\u013cus no vair\u0101kiem Eiropas Savien\u012bbas Atvese\u013co\u0161anas un notur\u012bbas meh\u0101nisma instrumentiem, tostarp pas\u0101kuma \u201cP\u0113cdoktorant\u016bras p\u0113t\u012bjumi\u201d. P\u0113cdoktorant\u016bras p\u0113t\u012bjumu programma ir vien\u012bgais nacion\u0101lais instruments, kas jaunajiem zin\u0101tniekiem p\u0113c [&hellip;]<\/p>","protected":false},"author":17,"featured_media":8179,"comment_status":"closed","ping_status":"closed","sticky":false,"template":"","format":"standard","meta":{"_acf_changed":false,"footnotes":""},"categories":[162],"tags":[],"class_list":["post-8178","post","type-post","status-publish","format-standard","has-post-thumbnail","hentry","category-zinas"],"acf":[],"_links":{"self":[{"href":"https:\/\/jauniezinatnieki.lv\/en\/wp-json\/wp\/v2\/posts\/8178","targetHints":{"allow":["GET"]}}],"collection":[{"href":"https:\/\/jauniezinatnieki.lv\/en\/wp-json\/wp\/v2\/posts"}],"about":[{"href":"https:\/\/jauniezinatnieki.lv\/en\/wp-json\/wp\/v2\/types\/post"}],"author":[{"embeddable":true,"href":"https:\/\/jauniezinatnieki.lv\/en\/wp-json\/wp\/v2\/users\/17"}],"replies":[{"embeddable":true,"href":"https:\/\/jauniezinatnieki.lv\/en\/wp-json\/wp\/v2\/comments?post=8178"}],"version-history":[{"count":4,"href":"https:\/\/jauniezinatnieki.lv\/en\/wp-json\/wp\/v2\/posts\/8178\/revisions"}],"predecessor-version":[{"id":8183,"href":"https:\/\/jauniezinatnieki.lv\/en\/wp-json\/wp\/v2\/posts\/8178\/revisions\/8183"}],"wp:featuredmedia":[{"embeddable":true,"href":"https:\/\/jauniezinatnieki.lv\/en\/wp-json\/wp\/v2\/media\/8179"}],"wp:attachment":[{"href":"https:\/\/jauniezinatnieki.lv\/en\/wp-json\/wp\/v2\/media?parent=8178"}],"wp:term":[{"taxonomy":"category","embeddable":true,"href":"https:\/\/jauniezinatnieki.lv\/en\/wp-json\/wp\/v2\/categories?post=8178"},{"taxonomy":"post_tag","embeddable":true,"href":"https:\/\/jauniezinatnieki.lv\/en\/wp-json\/wp\/v2\/tags?post=8178"}],"curies":[{"name":"wp","href":"https:\/\/api.w.org\/{rel}","templated":true}]}}